{"id":268,"date":"2017-08-24T22:37:55","date_gmt":"2017-08-24T20:37:55","guid":{"rendered":"http:\/\/www.arcenciel-ne.ch\/home\/?p=268"},"modified":"2018-08-05T09:48:56","modified_gmt":"2018-08-05T07:48:56","slug":"pride-ouest-2017","status":"publish","type":"post","link":"http:\/\/www.arcenciel-ne.ch\/home\/pride-ouest-2017\/","title":{"rendered":"Pride Ouest 2017"},"content":{"rendered":"<p>[et_pb_section bb_built=\u00a0\u00bb1&Prime;][et_pb_row][et_pb_column type=\u00a0\u00bb4_4&Prime;][et_pb_image admin_label=\u00a0\u00bbImage Pride\u00a0\u00bb _builder_version=\u00a0\u00bb3.0.69&Prime; src=\u00a0\u00bbhttp:\/\/www.arcenciel-ne.ch\/home\/wp-content\/uploads\/2017\/08\/bannerlogo2baeren-520.png\u00a0\u00bb show_in_lightbox=\u00a0\u00bboff\u00a0\u00bb url_new_window=\u00a0\u00bboff\u00a0\u00bb use_overlay=\u00a0\u00bboff\u00a0\u00bb sticky=\u00a0\u00bboff\u00a0\u00bb align=\u00a0\u00bbleft\u00a0\u00bb always_center_on_mobile=\u00a0\u00bbon\u00a0\u00bb border_style=\u00a0\u00bbsolid\u00a0\u00bb force_fullwidth=\u00a0\u00bboff\u00a0\u00bb \/][et_pb_text admin_label=\u00a0\u00bbTexte Pride\u00a0\u00bb _builder_version=\u00a0\u00bb3.0.69&Prime; background_layout=\u00a0\u00bblight\u00a0\u00bb text_orientation=\u00a0\u00bbleft\u00a0\u00bb border_style=\u00a0\u00bbsolid\u00a0\u00bb]<\/p>\n<h2>Pride Ouest 2017<\/h2>\n<div class=\"\" data-block=\"true\" data-editor=\"entpp\" data-offset-key=\"fa13g-0-0\">\n<div class=\"_1mf _1mj\" data-offset-key=\"fa13g-0-0\"><span data-offset-key=\"fa13g-0-0\">Cette ann\u00e9e, la Pride Ouest se d\u00e9roulera \u00e0 Berne du 25 au 27 ao\u00fbt 2017 et abordera le slogan \u00ab\u00a0La force de la diversit\u00e9\u00a0\u00bb.<\/span><\/div>\n<\/div>\n<div class=\"\" data-block=\"true\" data-editor=\"entpp\" data-offset-key=\"arma3-0-0\">\n<div class=\"_1mf _1mj\" data-offset-key=\"arma3-0-0\"><span data-offset-key=\"arma3-0-0\">\u00a0<\/span><\/div>\n<\/div>\n<div class=\"\" data-block=\"true\" data-editor=\"entpp\" data-offset-key=\"890s3-0-0\">\n<div class=\"_1mf _1mj\" data-offset-key=\"890s3-0-0\"><span data-offset-key=\"890s3-0-0\">Ce slogan rappelle la force d\u2019une soci\u00e9t\u00e9 plurielle et la richesse de la diversit\u00e9 dans un monde o\u00f9 les cultures s\u2019affrontent.<\/span><\/div>\n<\/div>\n<div class=\"\" data-block=\"true\" data-editor=\"entpp\" data-offset-key=\"25h12-0-0\">\n<div class=\"_1mf _1mj\" data-offset-key=\"25h12-0-0\"><span data-offset-key=\"25h12-0-0\">\u00a0<\/span><\/div>\n<\/div>\n<div class=\"\" data-block=\"true\" data-editor=\"entpp\" data-offset-key=\"1atqj-0-0\">\n<div class=\"_1mf _1mj\" data-offset-key=\"1atqj-0-0\"><span data-offset-key=\"1atqj-0-0\">Pourtant, malgr\u00e9 nos diff\u00e9rences, nous restons unis en Christ, car c\u2019est \u00e0 partir d\u2019un seul homme que Dieu a cr\u00e9\u00e9 tous les peuples, afin qu\u2019ils habitent toute la surface de la Terre.<\/span><\/div>\n<\/div>\n<div class=\"\" data-block=\"true\" data-editor=\"entpp\" data-offset-key=\"ff5nn-0-0\">\n<div class=\"_1mf _1mj\" data-offset-key=\"ff5nn-0-0\"><span data-offset-key=\"ff5nn-0-0\">\u00a0<\/span><\/div>\n<\/div>\n<div class=\"\" data-block=\"true\" data-editor=\"entpp\" data-offset-key=\"d0vca-0-0\">\n<div class=\"_1mf _1mj\" data-offset-key=\"d0vca-0-0\"><span data-offset-key=\"d0vca-0-0\">Et c\u2019est parce que nous demeurons une seule humanit\u00e9 et un seul corps en Christ que le Seigneur nous donne la force de d\u00e9passer nos diff\u00e9rences pour les embrasser et les sublimer. En quelque sorte, on peut dire que c\u2019est dans l\u2019unit\u00e9 que nous trouvons la force de la diversit\u00e9 et c\u2019est pour c\u00e9l\u00e9brer cette unit\u00e9 que certains membres d\u2019Arc-en-ciel participeront aux c\u00f4t\u00e9s de l\u2019association LGBT* neuch\u00e2teloise Togayther (<a href=\"http:\/\/www.togayther.ch\">www.togayther.ch<\/a>) le samedi 26 ao\u00fbt 2017 \u00e0 partir de 15h50 \u00e0 la marche en \u00e9toile organis\u00e9e par la Pride Ouest.<\/span><\/div>\n<\/div>\n<div class=\"\" data-block=\"true\" data-editor=\"entpp\" data-offset-key=\"fko86-0-0\">\n<div class=\"_1mf _1mj\" data-offset-key=\"fko86-0-0\"><span data-offset-key=\"fko86-0-0\">\u00a0<\/span><\/div>\n<\/div>\n<div class=\"\" data-block=\"true\" data-editor=\"entpp\" data-offset-key=\"d83j8-0-0\">\n<div class=\"_1mf _1mj\" data-offset-key=\"d83j8-0-0\"><span data-offset-key=\"d83j8-0-0\">Nous en profiterons pour distribuer quelques flyers pour notre \u00e9v\u00e9nement du 5 septembre.\u00a0<\/span>Si vous souhaitez nous rejoindre, vous pouvez sans autre <a href=\"http:\/\/www.arcenciel-ne.ch\/home\/contact\/\">nous contacter<\/a>\u00a0par le biais de notre formulaire ou en envoyant directement un <a href=\"mailto:arcenciel@mail.ch\">email<\/a>.<\/div>\n<\/div>\n<p>&nbsp;<\/p>\n<p>&nbsp;<\/p>\n<p>&nbsp;<\/p>\n<p>[\/et_pb_text][\/et_pb_column][\/et_pb_row][\/et_pb_section]<\/p>\n","protected":false},"excerpt":{"rendered":"<p><div class=\"et_pb_row et_pb_row_0 et_pb_row_empty\">\n\t\t\t\t\n\t\t\t\t\n\t\t\t\t\n\t\t\t\t\n\t\t\t\t\n\t\t\t<\/div> Pride Ouest 2017 Cette ann\u00e9e, la Pride Ouest se d\u00e9roulera \u00e0 Berne du 25 au 27 ao\u00fbt 2017 et abordera le slogan \u00ab\u00a0La force de la diversit\u00e9\u00a0\u00bb. \u00a0 Ce slogan rappelle la force d\u2019une soci\u00e9t\u00e9 plurielle et la richesse de la diversit\u00e9 dans un monde o\u00f9 les cultures s\u2019affrontent. \u00a0 Pourtant, malgr\u00e9 nos diff\u00e9rences, [&hellip;]<\/p>\n","protected":false},"author":1,"featured_media":269,"comment_status":"closed","ping_status":"open","sticky":false,"template":"","format":"standard","meta":{"_et_pb_use_builder":"on","_et_pb_old_content":"","_et_gb_content_width":"","footnotes":""},"categories":[18],"tags":[],"class_list":["post-268","post","type-post","status-publish","format-standard","has-post-thumbnail","hentry","category-messages"],"_links":{"self":[{"href":"http:\/\/www.arcenciel-ne.ch\/home\/wp-json\/wp\/v2\/posts\/268","targetHints":{"allow":["GET"]}}],"collection":[{"href":"http:\/\/www.arcenciel-ne.ch\/home\/wp-json\/wp\/v2\/posts"}],"about":[{"href":"http:\/\/www.arcenciel-ne.ch\/home\/wp-json\/wp\/v2\/types\/post"}],"author":[{"embeddable":true,"href":"http:\/\/www.arcenciel-ne.ch\/home\/wp-json\/wp\/v2\/users\/1"}],"replies":[{"embeddable":true,"href":"http:\/\/www.arcenciel-ne.ch\/home\/wp-json\/wp\/v2\/comments?post=268"}],"version-history":[{"count":5,"href":"http:\/\/www.arcenciel-ne.ch\/home\/wp-json\/wp\/v2\/posts\/268\/revisions"}],"predecessor-version":[{"id":327,"href":"http:\/\/www.arcenciel-ne.ch\/home\/wp-json\/wp\/v2\/posts\/268\/revisions\/327"}],"wp:featuredmedia":[{"embeddable":true,"href":"http:\/\/www.arcenciel-ne.ch\/home\/wp-json\/wp\/v2\/media\/269"}],"wp:attachment":[{"href":"http:\/\/www.arcenciel-ne.ch\/home\/wp-json\/wp\/v2\/media?parent=268"}],"wp:term":[{"taxonomy":"category","embeddable":true,"href":"http:\/\/www.arcenciel-ne.ch\/home\/wp-json\/wp\/v2\/categories?post=268"},{"taxonomy":"post_tag","embeddable":true,"href":"http:\/\/www.arcenciel-ne.ch\/home\/wp-json\/wp\/v2\/tags?post=268"}],"curies":[{"name":"wp","href":"https:\/\/api.w.org\/{rel}","templated":true}]}}