{"id":438,"date":"2018-09-12T11:04:34","date_gmt":"2018-09-12T09:04:34","guid":{"rendered":"http:\/\/www.arcenciel-ne.ch\/home\/?p=438"},"modified":"2018-09-12T11:24:09","modified_gmt":"2018-09-12T09:24:09","slug":"rentree-2018","status":"publish","type":"post","link":"http:\/\/www.arcenciel-ne.ch\/home\/rentree-2018\/","title":{"rendered":"NOUVEAUX LIEUX pour les RENCONTRES du 3"},"content":{"rendered":"<p>[et_pb_section bb_built=\u00a0\u00bb1&Prime;][et_pb_row _builder_version=\u00a0\u00bb3.0.69&Prime;][et_pb_column type=\u00a0\u00bb4_4&Prime;][et_pb_image _builder_version=\u00a0\u00bb3.0.69&Prime; src=\u00a0\u00bbhttp:\/\/www.arcenciel-ne.ch\/home\/wp-content\/uploads\/2018\/09\/Tous-les-3-du-mois.png\u00a0\u00bb show_in_lightbox=\u00a0\u00bboff\u00a0\u00bb url_new_window=\u00a0\u00bboff\u00a0\u00bb use_overlay=\u00a0\u00bboff\u00a0\u00bb sticky=\u00a0\u00bboff\u00a0\u00bb align=\u00a0\u00bbleft\u00a0\u00bb always_center_on_mobile=\u00a0\u00bbon\u00a0\u00bb border_style=\u00a0\u00bbsolid\u00a0\u00bb force_fullwidth=\u00a0\u00bboff\u00a0\u00bb \/][et_pb_text _builder_version=\u00a0\u00bb3.0.69&Prime; background_layout=\u00a0\u00bblight\u00a0\u00bb text_orientation=\u00a0\u00bbleft\u00a0\u00bb border_style=\u00a0\u00bbsolid\u00a0\u00bb]<\/p>\n<p>Bonjour \u00e0 toutes et tous<\/p>\n<p>A partir d&rsquo;octobre 2018, les rencontres du groupe Arc-en-Ciel se d\u00e9rouleront alternativement \u00e0 La Chaux-de-Fonds et \u00e0 Neuch\u00e2tel.<\/p>\n<p>En effet, nous souhaitons \u00eatre un lieu d&rsquo;accueil plus ouvertement cantonal et rendre hommage \u00e0 la pluralit\u00e9 de nos confessions chr\u00e9tiennes en nous rencontrant aussi bien chez les R\u00e9form\u00e9s que chez les Catholiques chr\u00e9tiens.<\/p>\n<p>Pour le transport, vous pouvez profiter de la voiture d&rsquo;autres membres et \u00e9ventuellement loger chez l&rsquo;un ou l&rsquo;une de nous.<\/p>\n<p><strong>Neuch\u00e2tel<\/strong> 3 octobre, 3 d\u00e9cembre, 3 f\u00e9vrier, 3 avril, 3 juin, 3 ao\u00fbt<br \/>\n<strong>Adresse<\/strong> Centre paroissial aux Valangines, avenue des Alpes 18 (terminus du bus 102)<\/p>\n<p><strong>La Chaux-de-Fonds<\/strong> 3 novembre, 3 janvier, 3 mars, 3 juillet (grillade \u00e0 l&rsquo;ext\u00e9rieur), 3 septembre<br \/>\n<strong>Adresse<\/strong> Cure de la paroisse catholique chr\u00e9tienne, Chapelle 5.<\/p>\n<p>&nbsp;<\/p>\n<p>[\/et_pb_text][\/et_pb_column][\/et_pb_row][\/et_pb_section]<\/p>\n","protected":false},"excerpt":{"rendered":"<p>Bonjour \u00e0 toutes et tous A partir d&rsquo;octobre 2018, les rencontres du groupe Arc-en-Ciel se d\u00e9rouleront alternativement \u00e0 La Chaux-de-Fonds et \u00e0 Neuch\u00e2tel. En effet, nous souhaitons \u00eatre un lieu d&rsquo;accueil plus ouvertement cantonal et rendre hommage \u00e0 la pluralit\u00e9 de nos confessions chr\u00e9tiennes en nous rencontrant aussi bien chez les R\u00e9form\u00e9s que chez les [&hellip;]<\/p>\n","protected":false},"author":3,"featured_media":444,"comment_status":"closed","ping_status":"open","sticky":false,"template":"","format":"standard","meta":{"_et_pb_use_builder":"on","_et_pb_old_content":"<p>[et_pb_section bb_built=\"1\"][et_pb_row][et_pb_column type=\"4_4\"][et_pb_image _builder_version=\"3.0.69\" \/][\/et_pb_column][\/et_pb_row][\/et_pb_section]<\/p>","_et_gb_content_width":"","footnotes":""},"categories":[17],"tags":[],"class_list":["post-438","post","type-post","status-publish","format-standard","has-post-thumbnail","hentry","category-evenements"],"_links":{"self":[{"href":"http:\/\/www.arcenciel-ne.ch\/home\/wp-json\/wp\/v2\/posts\/438","targetHints":{"allow":["GET"]}}],"collection":[{"href":"http:\/\/www.arcenciel-ne.ch\/home\/wp-json\/wp\/v2\/posts"}],"about":[{"href":"http:\/\/www.arcenciel-ne.ch\/home\/wp-json\/wp\/v2\/types\/post"}],"author":[{"embeddable":true,"href":"http:\/\/www.arcenciel-ne.ch\/home\/wp-json\/wp\/v2\/users\/3"}],"replies":[{"embeddable":true,"href":"http:\/\/www.arcenciel-ne.ch\/home\/wp-json\/wp\/v2\/comments?post=438"}],"version-history":[{"count":8,"href":"http:\/\/www.arcenciel-ne.ch\/home\/wp-json\/wp\/v2\/posts\/438\/revisions"}],"predecessor-version":[{"id":466,"href":"http:\/\/www.arcenciel-ne.ch\/home\/wp-json\/wp\/v2\/posts\/438\/revisions\/466"}],"wp:featuredmedia":[{"embeddable":true,"href":"http:\/\/www.arcenciel-ne.ch\/home\/wp-json\/wp\/v2\/media\/444"}],"wp:attachment":[{"href":"http:\/\/www.arcenciel-ne.ch\/home\/wp-json\/wp\/v2\/media?parent=438"}],"wp:term":[{"taxonomy":"category","embeddable":true,"href":"http:\/\/www.arcenciel-ne.ch\/home\/wp-json\/wp\/v2\/categories?post=438"},{"taxonomy":"post_tag","embeddable":true,"href":"http:\/\/www.arcenciel-ne.ch\/home\/wp-json\/wp\/v2\/tags?post=438"}],"curies":[{"name":"wp","href":"https:\/\/api.w.org\/{rel}","templated":true}]}}