{"id":471,"date":"2018-09-26T14:35:10","date_gmt":"2018-09-26T12:35:10","guid":{"rendered":"http:\/\/www.arcenciel-ne.ch\/home\/?p=471"},"modified":"2018-09-26T14:38:07","modified_gmt":"2018-09-26T12:38:07","slug":"rencontres-du-3-le-programme-des-octobre","status":"publish","type":"post","link":"http:\/\/www.arcenciel-ne.ch\/home\/rencontres-du-3-le-programme-des-octobre\/","title":{"rendered":"Rencontres du 3 &#8211; le programme d\u00e8s octobre"},"content":{"rendered":"<p>[et_pb_section bb_built=\u00a0\u00bb1&Prime;][et_pb_row][et_pb_column type=\u00a0\u00bb4_4&Prime;][et_pb_image _builder_version=\u00a0\u00bb3.0.69&Prime; src=\u00a0\u00bbhttp:\/\/www.arcenciel-ne.ch\/home\/wp-content\/uploads\/2018\/09\/Tous-les-3-du-mois-3.png\u00a0\u00bb show_in_lightbox=\u00a0\u00bboff\u00a0\u00bb url_new_window=\u00a0\u00bboff\u00a0\u00bb use_overlay=\u00a0\u00bboff\u00a0\u00bb sticky=\u00a0\u00bboff\u00a0\u00bb align=\u00a0\u00bbleft\u00a0\u00bb always_center_on_mobile=\u00a0\u00bbon\u00a0\u00bb border_style=\u00a0\u00bbsolid\u00a0\u00bb force_fullwidth=\u00a0\u00bboff\u00a0\u00bb \/][et_pb_text _builder_version=\u00a0\u00bb3.0.69&Prime; background_layout=\u00a0\u00bblight\u00a0\u00bb text_orientation=\u00a0\u00bbleft\u00a0\u00bb border_style=\u00a0\u00bbsolid\u00a0\u00bb]<\/p>\n<p>Bonjour \u00e0 toutes et tous,<\/p>\n<p>L\u2019automne, c\u2019est la rentr\u00e9e pour les enfants, mais aussi pour notre groupe. Apr\u00e8s les grillades de l\u2019\u00e9t\u00e9, nous reprendrons les rencontres\u00a0 du 3 du mois, avec quelques changements\u00a0:<\/p>\n<ul>\n<li><strong>En alternance\u00a0: Un mois \u00e0 Neuch\u00e2tel (aux Valangines)\u00a0; Un mois \u00e0 La Chaux-de-Fonds (Salle de la cure catholique chr\u00e9tienne, chapelle 5).<\/strong>\u00a0 Il y aura une possibilit\u00e9 pour ceux qui viennent de plus loin (Lausanne, Gen\u00e8ve, Singapour) de profiter d\u2019une voiture jusqu\u2019\u00e0 la gare de Neuch\u00e2tel, ou \u00e9ventuellement d\u2019un lit chez un.e des membres du groupe.<\/li>\n<li>Voici le calendrier des rencontres (aussi sur le joli flyer ci-joint)\u00a0:\n<ul>\n<li>3 octobre\u00a0: Neuch\u00e2tel\u00a0: dans la salle tilleul en bas (exceptionnellement, nous retournerons ensuite dans la salle jaune)\u00a0; 3 novembre\u00a0: La Chaux-de-Fonds\u00a0; 3 d\u00e9cembre\u00a0: Neuch\u00e2tel\u00a0; 3 janvier\u00a0: La Chaux-de-Fonds\u00a0; 3 f\u00e9vrier\u00a0: Neuch\u00e2tel\u00a0; 3 mars\u00a0: La Chaux-de-Fonds\u00a0; 3 avril\u00a0: Neuch\u00e2tel\u00a0; 3 mai\u00a0: La Chaux-de-Fonds\u00a0; 3 juin\u00a0: Neuch\u00e2tel\u00a0; 3 juillet\u00a0: La Chaux-de-Fonds, grillade au jardin.<\/li>\n<\/ul>\n<\/li>\n<li><strong>Programme des s\u00e9ances\u00a0:<\/strong>\n<ul>\n<li>19h accueil, nouvelles, envies, etc.<\/li>\n<li>19h15-20h\u00a0: \u00e9change propos\u00e9 autour d\u2019une th\u00e9matique particuli\u00e8re\u00a0: chacun peut proposer un th\u00e8me et nous r\u00e9servons une s\u00e9ance en vue de l\u2019approfondir.<\/li>\n<li>20h-20h15\u00a0: temps de pri\u00e8re, de louange, de chant, etc.<\/li>\n<li>20h15-21h\u00a0: ap\u00e9ritif canadien (chacun peut amener un petit truc \u00e0 boire et \u00e0 manger) et poursuite informelle des discussions<\/li>\n<\/ul>\n<\/li>\n<li><strong>Poursuite des rencontres festives de l\u2019\u00e9t\u00e9<\/strong>\n<ul>\n<li>Nous encourageons vivement les un.e.s et les autres \u00e0 proposer une soir\u00e9e chez lui ou ailleurs afin d\u2019avoir l\u2019occasion de revivre les magnifiques moments tr\u00e8s libres et riches de cet \u00e9t\u00e9.<\/li>\n<li>Nous pouvons (Lise, Nicole et C\u00e9cile) relayer votre invitation par e-mail, whatt\u2019app, facebook et autres canaux\u2026 et vous aider \u00e0 organiser la soir\u00e9e.<\/li>\n<\/ul>\n<\/li>\n<\/ul>\n<p>Voil\u00e0, d\u00e9sol\u00e9es pour ce d\u00e9luge d\u2019informations, et au plaisir de vous retrouver le<\/p>\n<p><strong>3 octobre \u00e0 19h aux Valangines, dans la salle Tilleul en bas.<\/strong><\/p>\n<p>&nbsp;<\/p>\n<p>Bien \u00e0 vous<\/p>\n<p>&nbsp;<\/p>\n<p>Lise, Nicole et C\u00e9cile<\/p>\n<p>[\/et_pb_text][\/et_pb_column][\/et_pb_row][\/et_pb_section]<\/p>\n","protected":false},"excerpt":{"rendered":"<p><div class=\"et_pb_row et_pb_row_0 et_pb_row_empty\">\n\t\t\t\t\n\t\t\t\t\n\t\t\t\t\n\t\t\t\t\n\t\t\t\t\n\t\t\t<\/div> Bonjour \u00e0 toutes et tous, L\u2019automne, c\u2019est la rentr\u00e9e pour les enfants, mais aussi pour notre groupe. Apr\u00e8s les grillades de l\u2019\u00e9t\u00e9, nous reprendrons les rencontres\u00a0 du 3 du mois, avec quelques changements\u00a0: En alternance\u00a0: Un mois \u00e0 Neuch\u00e2tel (aux Valangines)\u00a0; Un mois \u00e0 La Chaux-de-Fonds (Salle de la cure catholique chr\u00e9tienne, chapelle 5).\u00a0 [&hellip;]<\/p>\n","protected":false},"author":3,"featured_media":472,"comment_status":"closed","ping_status":"open","sticky":false,"template":"","format":"standard","meta":{"_et_pb_use_builder":"on","_et_pb_old_content":"<p>Bonjour \u00e0 toutes et tous,<\/p><p>L\u2019automne, c\u2019est la rentr\u00e9e pour les enfants, mais aussi pour notre groupe. Apr\u00e8s les grillades de l\u2019\u00e9t\u00e9, nous reprendrons les rencontres\u00a0 du 3 du mois, avec quelques changements\u00a0:<\/p><ul><li><strong>En alternance\u00a0: Un mois \u00e0 Neuch\u00e2tel (aux Valangines)\u00a0; Un mois \u00e0 La Chaux-de-Fonds (Salle de la cure catholique chr\u00e9tienne, chapelle 5).<\/strong>\u00a0 Il y aura une possibilit\u00e9 pour ceux qui viennent de plus loin (Lausanne, Gen\u00e8ve, Singapour) de profiter d\u2019une voiture jusqu\u2019\u00e0 la gare de Neuch\u00e2tel, ou \u00e9ventuellement d\u2019un lit chez un.e des membres du groupe.<\/li><li>Voici le calendrier des rencontres (aussi sur le joli flyer ci-joint)\u00a0:<ul><li>3 octobre\u00a0: Neuch\u00e2tel\u00a0: dans la salle tilleul en bas (exceptionnellement, nous retournerons ensuite dans la salle jaune)\u00a0; 3 novembre\u00a0: La Chaux-de-Fonds\u00a0; 3 d\u00e9cembre\u00a0: Neuch\u00e2tel\u00a0; 3 janvier\u00a0: La Chaux-de-Fonds\u00a0; 3 f\u00e9vrier\u00a0: Neuch\u00e2tel\u00a0; 3 mars\u00a0: La Chaux-de-Fonds\u00a0; 3 avril\u00a0: Neuch\u00e2tel\u00a0; 3 mai\u00a0: La Chaux-de-Fonds\u00a0; 3 juin\u00a0: Neuch\u00e2tel\u00a0; 3 juillet\u00a0: La Chaux-de-Fonds, grillade au jardin.<\/li><\/ul><\/li><li><strong>Programme des s\u00e9ances\u00a0:<\/strong><ul><li>19h accueil, nouvelles, envies, etc.<\/li><li>19h15-20h\u00a0: \u00e9change propos\u00e9 autour d\u2019une th\u00e9matique particuli\u00e8re\u00a0: chacun peut proposer un th\u00e8me et nous r\u00e9servons une s\u00e9ance en vue de l\u2019approfondir.<\/li><li>20h-20h15\u00a0: temps de pri\u00e8re, de louange, de chant, etc.<\/li><li>20h15-21h\u00a0: ap\u00e9ritif canadien (chacun peut amener un petit truc \u00e0 boire et \u00e0 manger) et poursuite informelle des discussions<\/li><\/ul><\/li><li><strong>Poursuite des rencontres festives de l\u2019\u00e9t\u00e9<\/strong><ul><li>Nous encourageons vivement les un.e.s et les autres \u00e0 proposer une soir\u00e9e chez lui ou ailleurs afin d\u2019avoir l\u2019occasion de revivre les magnifiques moments tr\u00e8s libres et riches de cet \u00e9t\u00e9.<\/li><li>Nous pouvons (Lise, Nicole et C\u00e9cile) relayer votre invitation par e-mail, whatt\u2019app, facebook et autres canaux\u2026 et vous aider \u00e0 organiser la soir\u00e9e.<\/li><\/ul><\/li><\/ul><p>Voil\u00e0, d\u00e9sol\u00e9es pour ce d\u00e9luge d\u2019informations, et au plaisir de vous retrouver le<\/p><p><strong>3 octobre \u00e0 19h aux Valangines, dans la salle Tilleul en bas.<\/strong><\/p><p>\u00a0<\/p><p>Bien \u00e0 vous<\/p><p>\u00a0<\/p><p>Lise, Nicole et C\u00e9cile<\/p>","_et_gb_content_width":"","footnotes":""},"categories":[17],"tags":[],"class_list":["post-471","post","type-post","status-publish","format-standard","has-post-thumbnail","hentry","category-evenements"],"_links":{"self":[{"href":"http:\/\/www.arcenciel-ne.ch\/home\/wp-json\/wp\/v2\/posts\/471","targetHints":{"allow":["GET"]}}],"collection":[{"href":"http:\/\/www.arcenciel-ne.ch\/home\/wp-json\/wp\/v2\/posts"}],"about":[{"href":"http:\/\/www.arcenciel-ne.ch\/home\/wp-json\/wp\/v2\/types\/post"}],"author":[{"embeddable":true,"href":"http:\/\/www.arcenciel-ne.ch\/home\/wp-json\/wp\/v2\/users\/3"}],"replies":[{"embeddable":true,"href":"http:\/\/www.arcenciel-ne.ch\/home\/wp-json\/wp\/v2\/comments?post=471"}],"version-history":[{"count":1,"href":"http:\/\/www.arcenciel-ne.ch\/home\/wp-json\/wp\/v2\/posts\/471\/revisions"}],"predecessor-version":[{"id":473,"href":"http:\/\/www.arcenciel-ne.ch\/home\/wp-json\/wp\/v2\/posts\/471\/revisions\/473"}],"wp:featuredmedia":[{"embeddable":true,"href":"http:\/\/www.arcenciel-ne.ch\/home\/wp-json\/wp\/v2\/media\/472"}],"wp:attachment":[{"href":"http:\/\/www.arcenciel-ne.ch\/home\/wp-json\/wp\/v2\/media?parent=471"}],"wp:term":[{"taxonomy":"category","embeddable":true,"href":"http:\/\/www.arcenciel-ne.ch\/home\/wp-json\/wp\/v2\/categories?post=471"},{"taxonomy":"post_tag","embeddable":true,"href":"http:\/\/www.arcenciel-ne.ch\/home\/wp-json\/wp\/v2\/tags?post=471"}],"curies":[{"name":"wp","href":"https:\/\/api.w.org\/{rel}","templated":true}]}}