{"id":476,"date":"2018-10-31T10:31:57","date_gmt":"2018-10-31T09:31:57","guid":{"rendered":"http:\/\/www.arcenciel-ne.ch\/home\/?p=476"},"modified":"2018-10-31T10:59:34","modified_gmt":"2018-10-31T09:59:34","slug":"rencontre-du-3-novembre","status":"publish","type":"post","link":"http:\/\/www.arcenciel-ne.ch\/home\/rencontre-du-3-novembre\/","title":{"rendered":"Rencontre du 3 novembre"},"content":{"rendered":"<p>Bonjour \u00e0 toutes et tous\u00a0!<\/p>\n<p>Ce petit message pour vous remettre en m\u00e9moire la prochaine rencontre Arc-en-Ciel<\/p>\n<p><strong>Le 3 novembre \u00e0 19h, \u00e0 La Chaux-de-Fonds (Cure de paroisse catholique chr\u00e9tienne, Chapelle 5).<\/strong><\/p>\n<p>Nous aurons le plaisir d\u2019accueillir David et Luis du Lab \u00e0 Gen\u00e8ve que certain.e.s parmi nous ont d\u00e9j\u00e0 rencontr\u00e9s.<\/p>\n<p>David propose d\u2019introduire une r\u00e9flexion autour de nos parcours de vie, autour de deux questions (si elles vous inspirent bien s\u00fbr): qu\u2019avons-nous d\u00fb ou que souhaitons-nous encore d\u00e9construire\u00a0? comment avons-nous ou voulons-nous aujourd\u2019hui reconstruire ?<\/p>\n<p>Si vous avez des questions quant au transport ou \u00e0 un \u00e9ventuel h\u00e9bergement \u00e0 La Chaux-de-Fonds, n\u2019h\u00e9sitez pas \u00e0 prendre contact avec Lise (079\u00a0691 40 13) ou Nicole (076\u00a0412 31 71), ou avec C\u00e9cile par e-mail.<\/p>\n<p>En nous r\u00e9jouissant beaucoup de cette soir\u00e9e,<\/p>\n<p>Nous vous souhaitons une tr\u00e8s belle semaine<\/p>\n<p>Lise, Nicole et C\u00e9cile<\/p>\n<p><strong>Divers\u00a0:<\/strong><\/p>\n<p>Jean-Paul Guisan, au nom de C+H Gen\u00e8ve, nous invite chacune et chacun aux 30 ans de C+H le 9 novembre prochain. L\u2019invitation en suivant ce lien\u00a0:<\/p>\n<p><a href=\"http:\/\/cplush.ch\/fete-des-30-ans-de-ch\/\">http:\/\/cplush.ch\/fete-des-30-ans-de-ch\/<\/a><\/p>\n<p>Rappel des lieux des rencontres:<\/p>\n<p><a href=\"http:\/\/www.arcenciel-ne.ch\/home\/wp-content\/uploads\/2018\/09\/Tous-les-3-du-mois-3.png\"><img loading=\"lazy\" decoding=\"async\" class=\"alignnone wp-image-472 size-large\" src=\"http:\/\/www.arcenciel-ne.ch\/home\/wp-content\/uploads\/2018\/09\/Tous-les-3-du-mois-3-1024x576.png\" alt=\"\" width=\"1024\" height=\"576\" srcset=\"http:\/\/www.arcenciel-ne.ch\/home\/wp-content\/uploads\/2018\/09\/Tous-les-3-du-mois-3-1024x576.png 1024w, http:\/\/www.arcenciel-ne.ch\/home\/wp-content\/uploads\/2018\/09\/Tous-les-3-du-mois-3-300x169.png 300w, http:\/\/www.arcenciel-ne.ch\/home\/wp-content\/uploads\/2018\/09\/Tous-les-3-du-mois-3-768x432.png 768w, http:\/\/www.arcenciel-ne.ch\/home\/wp-content\/uploads\/2018\/09\/Tous-les-3-du-mois-3-1080x608.png 1080w, http:\/\/www.arcenciel-ne.ch\/home\/wp-content\/uploads\/2018\/09\/Tous-les-3-du-mois-3.png 1920w\" sizes=\"(max-width: 1024px) 100vw, 1024px\" \/><\/a><\/p>\n","protected":false},"excerpt":{"rendered":"<p>Bonjour \u00e0 toutes et tous\u00a0! Ce petit message pour vous remettre en m\u00e9moire la prochaine rencontre Arc-en-Ciel Le 3 novembre \u00e0 19h, \u00e0 La Chaux-de-Fonds (Cure de paroisse catholique chr\u00e9tienne, Chapelle 5). Nous aurons le plaisir d\u2019accueillir David et Luis du Lab \u00e0 Gen\u00e8ve que certain.e.s parmi nous ont d\u00e9j\u00e0 rencontr\u00e9s. David propose d\u2019introduire une [&hellip;]<\/p>\n","protected":false},"author":3,"featured_media":0,"comment_status":"closed","ping_status":"open","sticky":false,"template":"","format":"standard","meta":{"_et_pb_use_builder":"","_et_pb_old_content":"","_et_gb_content_width":"","footnotes":""},"categories":[17],"tags":[],"class_list":["post-476","post","type-post","status-publish","format-standard","hentry","category-evenements"],"_links":{"self":[{"href":"http:\/\/www.arcenciel-ne.ch\/home\/wp-json\/wp\/v2\/posts\/476","targetHints":{"allow":["GET"]}}],"collection":[{"href":"http:\/\/www.arcenciel-ne.ch\/home\/wp-json\/wp\/v2\/posts"}],"about":[{"href":"http:\/\/www.arcenciel-ne.ch\/home\/wp-json\/wp\/v2\/types\/post"}],"author":[{"embeddable":true,"href":"http:\/\/www.arcenciel-ne.ch\/home\/wp-json\/wp\/v2\/users\/3"}],"replies":[{"embeddable":true,"href":"http:\/\/www.arcenciel-ne.ch\/home\/wp-json\/wp\/v2\/comments?post=476"}],"version-history":[{"count":3,"href":"http:\/\/www.arcenciel-ne.ch\/home\/wp-json\/wp\/v2\/posts\/476\/revisions"}],"predecessor-version":[{"id":480,"href":"http:\/\/www.arcenciel-ne.ch\/home\/wp-json\/wp\/v2\/posts\/476\/revisions\/480"}],"wp:attachment":[{"href":"http:\/\/www.arcenciel-ne.ch\/home\/wp-json\/wp\/v2\/media?parent=476"}],"wp:term":[{"taxonomy":"category","embeddable":true,"href":"http:\/\/www.arcenciel-ne.ch\/home\/wp-json\/wp\/v2\/categories?post=476"},{"taxonomy":"post_tag","embeddable":true,"href":"http:\/\/www.arcenciel-ne.ch\/home\/wp-json\/wp\/v2\/tags?post=476"}],"curies":[{"name":"wp","href":"https:\/\/api.w.org\/{rel}","templated":true}]}}