{"id":482,"date":"2018-11-28T14:08:55","date_gmt":"2018-11-28T13:08:55","guid":{"rendered":"http:\/\/www.arcenciel-ne.ch\/home\/?p=482"},"modified":"2018-11-28T14:09:38","modified_gmt":"2018-11-28T13:09:38","slug":"rencontre-du-3-decembre","status":"publish","type":"post","link":"http:\/\/www.arcenciel-ne.ch\/home\/rencontre-du-3-decembre\/","title":{"rendered":"Rencontre du 3 d\u00e9cembre"},"content":{"rendered":"<p><img loading=\"lazy\" decoding=\"async\" class=\"alignnone wp-image-483 size-large\" src=\"http:\/\/www.arcenciel-ne.ch\/home\/wp-content\/uploads\/2018\/11\/3-d\u00e9cembre-1024x341.png\" alt=\"\" width=\"1024\" height=\"341\" srcset=\"http:\/\/www.arcenciel-ne.ch\/home\/wp-content\/uploads\/2018\/11\/3-d\u00e9cembre-1024x341.png 1024w, http:\/\/www.arcenciel-ne.ch\/home\/wp-content\/uploads\/2018\/11\/3-d\u00e9cembre-300x100.png 300w, http:\/\/www.arcenciel-ne.ch\/home\/wp-content\/uploads\/2018\/11\/3-d\u00e9cembre-768x256.png 768w, http:\/\/www.arcenciel-ne.ch\/home\/wp-content\/uploads\/2018\/11\/3-d\u00e9cembre-1080x360.png 1080w, http:\/\/www.arcenciel-ne.ch\/home\/wp-content\/uploads\/2018\/11\/3-d\u00e9cembre.png 1500w\" sizes=\"(max-width: 1024px) 100vw, 1024px\" \/><\/p>\n<p>Ch\u00e8res amies, chers amis Arc-en-Ciel,<\/p>\n<p>Par ce petit message, nous vous rappelons notre prochaine rencontre du<\/p>\n<p><strong>3 d\u00e9cembre \u00e0 19h, aux Valangines, \u00e0 Neuch\u00e2tel<\/strong><\/p>\n<p>Nous vous proposons d\u2019aborder, comme il se doit en cette p\u00e9riode, le th\u00e8me de\u00a0<strong>No\u00ebl<\/strong>.<\/p>\n<p>D\u2019une part, pour renouer avec son sens v\u00e9ritable et profond \u00e0 l\u2019oppos\u00e9 de l\u2019image bling-bling v\u00e9hicul\u00e9e par les m\u00e9dias de notre soci\u00e9t\u00e9 de consommation.<\/p>\n<p>D\u2019autre part, pour \u00e9changer autour du th\u00e8me des f\u00eates de familles qui peuvent \u00eatre v\u00e9cues parfois difficilement\u00a0: avons-nous envie d\u2019exprimer notre d\u00e9sarroi, besoin de pardonner, de nous re-situer\u00a0?<\/p>\n<p>Nous nous r\u00e9jouissons de vous voir pour cette soir\u00e9e d\u2019\u00e9changes et de partages,<\/p>\n<p>C\u00e9cile Nicole et Lise.<\/p>\n<p>&nbsp;<\/p>\n<p><strong>Deux annonces\u00a0:<\/strong><\/p>\n<ul>\n<li><strong>Le mardi 11 d\u00e9cembre<\/strong>\u00a0de 18h30 \u00e0 21h au Lab \u00e0 Gen\u00e8ve :<br \/>\n\u00ab\u00a0Nouveau Testament et homosexualit\u00e9\u00a0\u00bb, d\u00e9bat avec Simon Butticaz, professeur assistant en Nouveau Testament \u00e0 l&rsquo;UNIL.<\/li>\n<\/ul>\n<p>Nous sommes plusieurs \u00e0 souhaiter y aller\u00a0! Nous pouvons, selon qui est int\u00e9ress\u00e9, proposer un co-voiturage\u2026 N\u2019h\u00e9sitez pas \u00e0 prendre contact avec Nicole au\u00a0<a href=\"tel:076%C2%A0412%2031%2071\">076\u00a0412 31 71<\/a>.<\/p>\n<ul>\n<li><strong>PROCHAIN EVENEMENT PUBLIC ARC-EN-CIEL\u00a0: Le 20 mars 2019, \u00e0 la salle de lecture de la BPUN, 19h00.\u00a0<\/strong>Michel Anquetil (homosexuel, catholique) et Jo\u00ebl Pralong (pr\u00eatre catholique)\u00a0: deux catholiques romains chacun engag\u00e9 \u00e0 sa mani\u00e8re pour la reconnaissance des personnes homosexuelles. Ils viendront pr\u00e9senter leurs livres et \u00e9changer avec le public sur leurs positions respectives.\u00a0<strong>Des informations suivront, mais retenez la date dans vos agendas\u00a0!!!!<\/strong><\/li>\n<\/ul>\n","protected":false},"excerpt":{"rendered":"<p>Ch\u00e8res amies, chers amis Arc-en-Ciel, Par ce petit message, nous vous rappelons notre prochaine rencontre du 3 d\u00e9cembre \u00e0 19h, aux Valangines, \u00e0 Neuch\u00e2tel Nous vous proposons d\u2019aborder, comme il se doit en cette p\u00e9riode, le th\u00e8me de\u00a0No\u00ebl. D\u2019une part, pour renouer avec son sens v\u00e9ritable et profond \u00e0 l\u2019oppos\u00e9 de l\u2019image bling-bling v\u00e9hicul\u00e9e par [&hellip;]<\/p>\n","protected":false},"author":3,"featured_media":0,"comment_status":"closed","ping_status":"open","sticky":false,"template":"","format":"standard","meta":{"_et_pb_use_builder":"","_et_pb_old_content":"","_et_gb_content_width":"","footnotes":""},"categories":[17],"tags":[],"class_list":["post-482","post","type-post","status-publish","format-standard","hentry","category-evenements"],"_links":{"self":[{"href":"http:\/\/www.arcenciel-ne.ch\/home\/wp-json\/wp\/v2\/posts\/482","targetHints":{"allow":["GET"]}}],"collection":[{"href":"http:\/\/www.arcenciel-ne.ch\/home\/wp-json\/wp\/v2\/posts"}],"about":[{"href":"http:\/\/www.arcenciel-ne.ch\/home\/wp-json\/wp\/v2\/types\/post"}],"author":[{"embeddable":true,"href":"http:\/\/www.arcenciel-ne.ch\/home\/wp-json\/wp\/v2\/users\/3"}],"replies":[{"embeddable":true,"href":"http:\/\/www.arcenciel-ne.ch\/home\/wp-json\/wp\/v2\/comments?post=482"}],"version-history":[{"count":2,"href":"http:\/\/www.arcenciel-ne.ch\/home\/wp-json\/wp\/v2\/posts\/482\/revisions"}],"predecessor-version":[{"id":485,"href":"http:\/\/www.arcenciel-ne.ch\/home\/wp-json\/wp\/v2\/posts\/482\/revisions\/485"}],"wp:attachment":[{"href":"http:\/\/www.arcenciel-ne.ch\/home\/wp-json\/wp\/v2\/media?parent=482"}],"wp:term":[{"taxonomy":"category","embeddable":true,"href":"http:\/\/www.arcenciel-ne.ch\/home\/wp-json\/wp\/v2\/categories?post=482"},{"taxonomy":"post_tag","embeddable":true,"href":"http:\/\/www.arcenciel-ne.ch\/home\/wp-json\/wp\/v2\/tags?post=482"}],"curies":[{"name":"wp","href":"https:\/\/api.w.org\/{rel}","templated":true}]}}