{"id":499,"date":"2019-03-13T07:00:03","date_gmt":"2019-03-13T06:00:03","guid":{"rendered":"http:\/\/www.arcenciel-ne.ch\/home\/?p=499"},"modified":"2019-06-02T09:06:07","modified_gmt":"2019-06-02T07:06:07","slug":"a-lheure-du-mariage-pour-tous-conference-du-20-mars-2018","status":"publish","type":"post","link":"http:\/\/www.arcenciel-ne.ch\/home\/a-lheure-du-mariage-pour-tous-conference-du-20-mars-2018\/","title":{"rendered":"A l&rsquo;heure du mariage pour tous&#8230; Conf\u00e9rence du 20 mars 2019"},"content":{"rendered":"<p>[et_pb_section bb_built=\u00a0\u00bb1&Prime;][et_pb_row][et_pb_column type=\u00a0\u00bb4_4&Prime;][et_pb_image _builder_version=\u00a0\u00bb3.0.69&Prime; src=\u00a0\u00bbhttp:\/\/www.arcenciel-ne.ch\/home\/wp-content\/uploads\/2019\/02\/bandeau.png\u00a0\u00bb show_in_lightbox=\u00a0\u00bboff\u00a0\u00bb url_new_window=\u00a0\u00bboff\u00a0\u00bb use_overlay=\u00a0\u00bboff\u00a0\u00bb sticky=\u00a0\u00bboff\u00a0\u00bb align=\u00a0\u00bbcenter\u00a0\u00bb always_center_on_mobile=\u00a0\u00bbon\u00a0\u00bb border_style=\u00a0\u00bbsolid\u00a0\u00bb force_fullwidth=\u00a0\u00bboff\u00a0\u00bb \/][et_pb_text _builder_version=\u00a0\u00bb3.0.69&Prime; background_layout=\u00a0\u00bblight\u00a0\u00bb text_orientation=\u00a0\u00bbleft\u00a0\u00bb border_style=\u00a0\u00bbsolid\u00a0\u00bb]<\/p>\n<p>&nbsp;<\/p>\n<h2 style=\"text-align: center;\"><strong>Invit\u00e9s: Michel Anquetil et Jo\u00ebl Pralong<\/strong><\/h2>\n<h2 style=\"text-align: center;\"><strong>Le 20 mars 2019<\/strong><\/h2>\n<h2 style=\"text-align: center;\"><strong>Biblioth\u00e8que publique et universitaire de Neuch\u00e2tel<\/strong><\/h2>\n<h2 style=\"text-align: center;\"><strong>19h<\/strong><\/h2>\n<h2 style=\"text-align: center;\"><strong>Conf\u00e9rence, temps de partage, ap\u00e9ritif et d\u00e9dicace<\/strong><\/h2>\n<h2 style=\"text-align: center;\"><span style=\"color: #0000ff;\"><a href=\"http:\/\/www.arcenciel-ne.ch\/home\/wp-content\/uploads\/2019\/02\/Arc-en-ciel_Conf\u00e9rence_20_03_19.pdf\"><strong>Le flyer ici<\/strong><\/a><\/span><\/h2>\n<h3 style=\"text-align: center;\">C+H invitera \u00e9galement Michel Anquetil \u00e0 donner une conf\u00e9rence le 21 mars \u00e0 Gen\u00e8ve. Toutes les infos<span style=\"color: #0000ff;\"> <a href=\"http:\/\/cplush.ch\/?p=1367\" target=\"_blank\" rel=\"noopener\">ici<\/a><\/span><\/h3>\n<p>[\/et_pb_text][\/et_pb_column][\/et_pb_row][\/et_pb_section]<\/p>\n","protected":false},"excerpt":{"rendered":"<p><div class=\"et_pb_row et_pb_row_0 et_pb_row_empty\">\n\t\t\t\t\n\t\t\t\t\n\t\t\t\t\n\t\t\t\t\n\t\t\t\t\n\t\t\t<\/div> &nbsp; Invit\u00e9s: Michel Anquetil et Jo\u00ebl Pralong Le 20 mars 2019 Biblioth\u00e8que publique et universitaire de Neuch\u00e2tel 19h Conf\u00e9rence, temps de partage, ap\u00e9ritif et d\u00e9dicace Le flyer ici C+H invitera \u00e9galement Michel Anquetil \u00e0 donner une conf\u00e9rence le 21 mars \u00e0 Gen\u00e8ve. Toutes les infos ici<\/p>\n","protected":false},"author":3,"featured_media":501,"comment_status":"closed","ping_status":"open","sticky":true,"template":"","format":"standard","meta":{"_et_pb_use_builder":"on","_et_pb_old_content":"<p>\u00a0<\/p><p><img class=\"aligncenter wp-image-501 size-full\" src=\"http:\/\/www.arcenciel-ne.ch\/home\/wp-content\/uploads\/2019\/02\/bandeau.png\" alt=\"\" width=\"554\" height=\"368\" \/><\/p><h2 style=\"text-align: center;\"><strong>Invit\u00e9s: Michel Anquetil et Jo\u00ebl Pralong<\/strong><\/h2><h2 style=\"text-align: center;\"><strong>Le 20 mars 2019<\/strong><\/h2><h2 style=\"text-align: center;\"><strong>Biblioth\u00e8que publique et universitaire de Neuch\u00e2tel<\/strong><\/h2><h2 style=\"text-align: center;\"><strong>19h<\/strong><\/h2><h2 style=\"text-align: center;\"><strong>Conf\u00e9rence, temps de partage, ap\u00e9ritif et d\u00e9dicace<\/strong><\/h2><h2 style=\"text-align: center;\"><span style=\"color: #0000ff;\"><a href=\"http:\/\/www.arcenciel-ne.ch\/home\/wp-content\/uploads\/2019\/02\/Arc-en-ciel_Conf\u00e9rence_20_03_19.pdf\"><strong>Le flyer ici<\/strong><\/a><\/span><\/h2><h3 style=\"text-align: center;\">C+H invitera \u00e9galement Michel Anquetil \u00e0 donner une conf\u00e9rence le 21 mars \u00e0 Gen\u00e8ve. Toutes les infos<span style=\"color: #0000ff;\"> <a href=\"http:\/\/cplush.ch\/?p=1367\" target=\"_blank\" rel=\"noopener\">ici<\/a><\/span><\/h3>","_et_gb_content_width":"","footnotes":""},"categories":[17],"tags":[],"class_list":["post-499","post","type-post","status-publish","format-standard","has-post-thumbnail","hentry","category-evenements"],"_links":{"self":[{"href":"http:\/\/www.arcenciel-ne.ch\/home\/wp-json\/wp\/v2\/posts\/499","targetHints":{"allow":["GET"]}}],"collection":[{"href":"http:\/\/www.arcenciel-ne.ch\/home\/wp-json\/wp\/v2\/posts"}],"about":[{"href":"http:\/\/www.arcenciel-ne.ch\/home\/wp-json\/wp\/v2\/types\/post"}],"author":[{"embeddable":true,"href":"http:\/\/www.arcenciel-ne.ch\/home\/wp-json\/wp\/v2\/users\/3"}],"replies":[{"embeddable":true,"href":"http:\/\/www.arcenciel-ne.ch\/home\/wp-json\/wp\/v2\/comments?post=499"}],"version-history":[{"count":7,"href":"http:\/\/www.arcenciel-ne.ch\/home\/wp-json\/wp\/v2\/posts\/499\/revisions"}],"predecessor-version":[{"id":520,"href":"http:\/\/www.arcenciel-ne.ch\/home\/wp-json\/wp\/v2\/posts\/499\/revisions\/520"}],"wp:featuredmedia":[{"embeddable":true,"href":"http:\/\/www.arcenciel-ne.ch\/home\/wp-json\/wp\/v2\/media\/501"}],"wp:attachment":[{"href":"http:\/\/www.arcenciel-ne.ch\/home\/wp-json\/wp\/v2\/media?parent=499"}],"wp:term":[{"taxonomy":"category","embeddable":true,"href":"http:\/\/www.arcenciel-ne.ch\/home\/wp-json\/wp\/v2\/categories?post=499"},{"taxonomy":"post_tag","embeddable":true,"href":"http:\/\/www.arcenciel-ne.ch\/home\/wp-json\/wp\/v2\/tags?post=499"}],"curies":[{"name":"wp","href":"https:\/\/api.w.org\/{rel}","templated":true}]}}