{"id":509,"date":"2019-02-27T18:18:53","date_gmt":"2019-02-27T17:18:53","guid":{"rendered":"http:\/\/www.arcenciel-ne.ch\/home\/?p=509"},"modified":"2019-02-27T18:18:53","modified_gmt":"2019-02-27T17:18:53","slug":"rencontre-du-3-mars","status":"publish","type":"post","link":"http:\/\/www.arcenciel-ne.ch\/home\/rencontre-du-3-mars\/","title":{"rendered":"Rencontre du 3 mars"},"content":{"rendered":"<p><img loading=\"lazy\" decoding=\"async\" class=\"aligncenter wp-image-510 size-large\" src=\"http:\/\/www.arcenciel-ne.ch\/home\/wp-content\/uploads\/2019\/02\/3-mars-\u00e0-19h-1024x341.png\" alt=\"\" width=\"1024\" height=\"341\" srcset=\"http:\/\/www.arcenciel-ne.ch\/home\/wp-content\/uploads\/2019\/02\/3-mars-\u00e0-19h-1024x341.png 1024w, http:\/\/www.arcenciel-ne.ch\/home\/wp-content\/uploads\/2019\/02\/3-mars-\u00e0-19h-300x100.png 300w, http:\/\/www.arcenciel-ne.ch\/home\/wp-content\/uploads\/2019\/02\/3-mars-\u00e0-19h-768x256.png 768w, http:\/\/www.arcenciel-ne.ch\/home\/wp-content\/uploads\/2019\/02\/3-mars-\u00e0-19h-1080x360.png 1080w, http:\/\/www.arcenciel-ne.ch\/home\/wp-content\/uploads\/2019\/02\/3-mars-\u00e0-19h.png 1500w\" sizes=\"(max-width: 1024px) 100vw, 1024px\" \/><\/p>\n<p>Bonjour \u00e0 vous, ch\u00e8res amies et amis,<\/p>\n<p>Ce message pour vous inviter, comme de coutume, \u00e0 la rencontre du 3,<\/p>\n<p><strong>Le 3 mars \u00e0 19h \u00e0 La Chaux-de-Fonds (rue de la chapelle 5)<\/strong><\/p>\n<p>Nous avons pens\u00e9 \u00e0 une soir\u00e9e en deux temps\u00a0:<\/p>\n<ul>\n<li>Pendant 30-45 min, r\u00e9fl\u00e9chir \u00e0 <strong>une charte<\/strong> pour notre groupe, autour de quelques grands points comme la confidentialit\u00e9, l\u2019accueil, l\u2019\u00e9coute, etc. Nous recueillerons vos id\u00e9es, dites avec vos mots, et C\u00e9cile les mettra ensuite par \u00e9crit. La charte sera ensuite compl\u00e9t\u00e9e par vos commentaires, et restera flexible dans le temps. Nous la ferons signer aux anciens et nouveaux participants au groupe.<\/li>\n<li>Partage autour du th\u00e8me\u00a0: <strong>Quelle \u00e9thique pour la sexualit\u00e9\u00a0?<\/strong> Qu\u2019est-ce que je trouve bon ou mauvais en mati\u00e8re de sexualit\u00e9\u00a0? selon moi, qu\u2019est-ce qu\u2019une sexualit\u00e9 \u00e9panouie\u00a0? quelle est la place de la sexualit\u00e9 dans ma vie affective\u00a0? qu\u2019est-ce que j\u2019aimerais changer, am\u00e9liorer, vivre, conna\u00eetre\u00a0? qu\u2019est-ce que j\u2019aimerais pouvoir effacer\u00a0?<\/li>\n<\/ul>\n<p>Tout ce beau programme sera accompagn\u00e9 par les d\u00e9licieuses choses \u00e0 grignoter apport\u00e9es par chacune, chacun.<\/p>\n<p>Et bien s\u00fbr, n\u2019h\u00e9sitez pas \u00e0 venir avec vos propres envies, sujets \u00e0 partager, etc. On peut toujours adapter les choses sur le moment\u00a0!<\/p>\n<p>On se r\u00e9jouit de cette soir\u00e9e,<\/p>\n<p>Bises<\/p>\n<p>Lise, Nicole et C\u00e9cile<\/p>\n<p>&nbsp;<\/p>\n","protected":false},"excerpt":{"rendered":"<p>Bonjour \u00e0 vous, ch\u00e8res amies et amis, Ce message pour vous inviter, comme de coutume, \u00e0 la rencontre du 3, Le 3 mars \u00e0 19h \u00e0 La Chaux-de-Fonds (rue de la chapelle 5) Nous avons pens\u00e9 \u00e0 une soir\u00e9e en deux temps\u00a0: Pendant 30-45 min, r\u00e9fl\u00e9chir \u00e0 une charte pour notre groupe, autour de quelques [&hellip;]<\/p>\n","protected":false},"author":3,"featured_media":0,"comment_status":"closed","ping_status":"open","sticky":false,"template":"","format":"standard","meta":{"_et_pb_use_builder":"","_et_pb_old_content":"","_et_gb_content_width":"","footnotes":""},"categories":[17],"tags":[],"class_list":["post-509","post","type-post","status-publish","format-standard","hentry","category-evenements"],"_links":{"self":[{"href":"http:\/\/www.arcenciel-ne.ch\/home\/wp-json\/wp\/v2\/posts\/509","targetHints":{"allow":["GET"]}}],"collection":[{"href":"http:\/\/www.arcenciel-ne.ch\/home\/wp-json\/wp\/v2\/posts"}],"about":[{"href":"http:\/\/www.arcenciel-ne.ch\/home\/wp-json\/wp\/v2\/types\/post"}],"author":[{"embeddable":true,"href":"http:\/\/www.arcenciel-ne.ch\/home\/wp-json\/wp\/v2\/users\/3"}],"replies":[{"embeddable":true,"href":"http:\/\/www.arcenciel-ne.ch\/home\/wp-json\/wp\/v2\/comments?post=509"}],"version-history":[{"count":1,"href":"http:\/\/www.arcenciel-ne.ch\/home\/wp-json\/wp\/v2\/posts\/509\/revisions"}],"predecessor-version":[{"id":511,"href":"http:\/\/www.arcenciel-ne.ch\/home\/wp-json\/wp\/v2\/posts\/509\/revisions\/511"}],"wp:attachment":[{"href":"http:\/\/www.arcenciel-ne.ch\/home\/wp-json\/wp\/v2\/media?parent=509"}],"wp:term":[{"taxonomy":"category","embeddable":true,"href":"http:\/\/www.arcenciel-ne.ch\/home\/wp-json\/wp\/v2\/categories?post=509"},{"taxonomy":"post_tag","embeddable":true,"href":"http:\/\/www.arcenciel-ne.ch\/home\/wp-json\/wp\/v2\/tags?post=509"}],"curies":[{"name":"wp","href":"https:\/\/api.w.org\/{rel}","templated":true}]}}