{"id":514,"date":"2019-03-10T07:05:06","date_gmt":"2019-03-10T06:05:06","guid":{"rendered":"http:\/\/www.arcenciel-ne.ch\/home\/?p=514"},"modified":"2019-06-02T09:06:21","modified_gmt":"2019-06-02T07:06:21","slug":"arc-en-ciel-dans-arcinfo-le-7-mars-2019","status":"publish","type":"post","link":"http:\/\/www.arcenciel-ne.ch\/home\/arc-en-ciel-dans-arcinfo-le-7-mars-2019\/","title":{"rendered":"Arc-en-Ciel dans ArcInfo, le 7 mars 2019"},"content":{"rendered":"<p>[et_pb_section bb_built=\u00a0\u00bb1&Prime;][et_pb_row][et_pb_column type=\u00a0\u00bb4_4&Prime;][et_pb_image _builder_version=\u00a0\u00bb3.0.69&Prime; src=\u00a0\u00bbhttp:\/\/www.arcenciel-ne.ch\/home\/wp-content\/uploads\/2019\/03\/Arcinfo_19_03_07.jpg\u00a0\u00bb show_in_lightbox=\u00a0\u00bboff\u00a0\u00bb url_new_window=\u00a0\u00bboff\u00a0\u00bb use_overlay=\u00a0\u00bboff\u00a0\u00bb sticky=\u00a0\u00bboff\u00a0\u00bb align=\u00a0\u00bbcenter\u00a0\u00bb always_center_on_mobile=\u00a0\u00bbon\u00a0\u00bb border_style=\u00a0\u00bbsolid\u00a0\u00bb force_fullwidth=\u00a0\u00bboff\u00a0\u00bb \/][et_pb_text _builder_version=\u00a0\u00bb3.0.69&Prime; background_layout=\u00a0\u00bblight\u00a0\u00bb text_orientation=\u00a0\u00bbleft\u00a0\u00bb border_style=\u00a0\u00bbsolid\u00a0\u00bb]<\/p>\n<p>A l&rsquo;occasion d&rsquo;une page d\u00e9di\u00e9e \u00e0 la journ\u00e9e sur la transidentit\u00e9 organis\u00e9e par le collectif Sui Generis, ArcInfo a publi\u00e9 un petit encart sur notre Association Arc-en-Ciel, le 7 mars 2019.<\/p>\n<p>[\/et_pb_text][\/et_pb_column][\/et_pb_row][\/et_pb_section]<\/p>\n","protected":false},"excerpt":{"rendered":"<p><div class=\"et_pb_row et_pb_row_0 et_pb_row_empty\">\n\t\t\t\t\n\t\t\t\t\n\t\t\t\t\n\t\t\t\t\n\t\t\t\t\n\t\t\t<\/div> A l&rsquo;occasion d&rsquo;une page d\u00e9di\u00e9e \u00e0 la journ\u00e9e sur la transidentit\u00e9 organis\u00e9e par le collectif Sui Generis, ArcInfo a publi\u00e9 un petit encart sur notre Association Arc-en-Ciel, le 7 mars 2019.<\/p>\n","protected":false},"author":3,"featured_media":513,"comment_status":"closed","ping_status":"open","sticky":false,"template":"","format":"standard","meta":{"_et_pb_use_builder":"on","_et_pb_old_content":"<p><img class=\"alignnone wp-image-513 \" src=\"http:\/\/www.arcenciel-ne.ch\/home\/wp-content\/uploads\/2019\/03\/Arcinfo_19_03_07-404x1024.jpg\" alt=\"\" width=\"406\" height=\"1029\" \/><\/p><p>A l'occasion d'une page d\u00e9di\u00e9e \u00e0 la journ\u00e9e sur la transidentit\u00e9 organis\u00e9e par le collectif Sui Generis, ArcInfo a publi\u00e9 un petit encart sur notre Association Arc-en-Ciel, le 7 mars 2019.<\/p>","_et_gb_content_width":"","footnotes":""},"categories":[18],"tags":[],"class_list":["post-514","post","type-post","status-publish","format-standard","has-post-thumbnail","hentry","category-messages"],"_links":{"self":[{"href":"http:\/\/www.arcenciel-ne.ch\/home\/wp-json\/wp\/v2\/posts\/514","targetHints":{"allow":["GET"]}}],"collection":[{"href":"http:\/\/www.arcenciel-ne.ch\/home\/wp-json\/wp\/v2\/posts"}],"about":[{"href":"http:\/\/www.arcenciel-ne.ch\/home\/wp-json\/wp\/v2\/types\/post"}],"author":[{"embeddable":true,"href":"http:\/\/www.arcenciel-ne.ch\/home\/wp-json\/wp\/v2\/users\/3"}],"replies":[{"embeddable":true,"href":"http:\/\/www.arcenciel-ne.ch\/home\/wp-json\/wp\/v2\/comments?post=514"}],"version-history":[{"count":4,"href":"http:\/\/www.arcenciel-ne.ch\/home\/wp-json\/wp\/v2\/posts\/514\/revisions"}],"predecessor-version":[{"id":519,"href":"http:\/\/www.arcenciel-ne.ch\/home\/wp-json\/wp\/v2\/posts\/514\/revisions\/519"}],"wp:featuredmedia":[{"embeddable":true,"href":"http:\/\/www.arcenciel-ne.ch\/home\/wp-json\/wp\/v2\/media\/513"}],"wp:attachment":[{"href":"http:\/\/www.arcenciel-ne.ch\/home\/wp-json\/wp\/v2\/media?parent=514"}],"wp:term":[{"taxonomy":"category","embeddable":true,"href":"http:\/\/www.arcenciel-ne.ch\/home\/wp-json\/wp\/v2\/categories?post=514"},{"taxonomy":"post_tag","embeddable":true,"href":"http:\/\/www.arcenciel-ne.ch\/home\/wp-json\/wp\/v2\/tags?post=514"}],"curies":[{"name":"wp","href":"https:\/\/api.w.org\/{rel}","templated":true}]}}