{"id":523,"date":"2019-03-29T21:43:02","date_gmt":"2019-03-29T20:43:02","guid":{"rendered":"http:\/\/www.arcenciel-ne.ch\/home\/?p=523"},"modified":"2019-06-02T09:06:54","modified_gmt":"2019-06-02T07:06:54","slug":"rencontre-du-3-avril","status":"publish","type":"post","link":"http:\/\/www.arcenciel-ne.ch\/home\/rencontre-du-3-avril\/","title":{"rendered":"Rencontre du 3 avril"},"content":{"rendered":"<p><img loading=\"lazy\" decoding=\"async\" class=\"aligncenter wp-image-525 size-large\" src=\"http:\/\/www.arcenciel-ne.ch\/home\/wp-content\/uploads\/2019\/03\/3-avril-19h-valangines-1024x341.png\" alt=\"\" width=\"1024\" height=\"341\" srcset=\"http:\/\/www.arcenciel-ne.ch\/home\/wp-content\/uploads\/2019\/03\/3-avril-19h-valangines-1024x341.png 1024w, http:\/\/www.arcenciel-ne.ch\/home\/wp-content\/uploads\/2019\/03\/3-avril-19h-valangines-300x100.png 300w, http:\/\/www.arcenciel-ne.ch\/home\/wp-content\/uploads\/2019\/03\/3-avril-19h-valangines-768x256.png 768w, http:\/\/www.arcenciel-ne.ch\/home\/wp-content\/uploads\/2019\/03\/3-avril-19h-valangines-1080x360.png 1080w, http:\/\/www.arcenciel-ne.ch\/home\/wp-content\/uploads\/2019\/03\/3-avril-19h-valangines.png 1500w\" sizes=\"(max-width: 1024px) 100vw, 1024px\" \/><\/p>\n<p>Bonjour \u00e0 vous amies et amis,<\/p>\n<p>Nous avons le plaisir de vous rappeler notre prochaine rencontre<\/p>\n<p><strong>Le 3 avril \u00e0 19h aux Valangines, dans la salle tilleul (en bas).<\/strong><\/p>\n<p>Nous prendrons des nouvelles des un.e.s des autres, \u00e9voquerons les projets Arc-en-Ciel, partagerons un repas canadien.<\/p>\n<p>Aucun th\u00e8me sp\u00e9cial n\u2019est pr\u00e9vu, mais nous pourrions \u00e9changer autour ce que repr\u00e9sente le Car\u00eame pour nous, comment vivons-nous ce temps de pr\u00e9paration \u00e0 la mort et la r\u00e9surrection du Christ.<\/p>\n<p><strong>Autres<\/strong><\/p>\n<p><strong>1<sup>er<\/sup> avril\u00a0: <\/strong>Je profite aussi pour vous joindre une information au sujet d\u2019une <a href=\"http:\/\/www.arcenciel-ne.ch\/home\/wp-content\/uploads\/2019\/03\/conf\u00e9rence_1eravril.pdf\">conf\u00e9rence-colloque ce lundi 1<sup>er<\/sup> avril<\/a> (et ce n\u2019est pas un poisson) \u00e0 l\u2019uni de Lausanne.<\/p>\n<p><strong>3 avril\u00a0:<\/strong> L\u2019association Jesuisrdcongolaise organise une conf\u00e9rence intitul\u00e9e <a href=\"http:\/\/www.arcenciel-ne.ch\/home\/wp-content\/uploads\/2019\/03\/Conf\u00e9rence-3-avril-2019.pdf\">\u00ab\u00a0A quand la justice pour les femmes victimes de violences sexuelles en RDC\u00a0?\u00a0\u00bb<\/a>, \u00e0 18h30 \u00e0 l\u2019h\u00f4tel Alpes et Lac.<\/p>\n<p>Nous ne pouvons pas \u00eatre partout, mais pour celles et ceux que cette conf\u00e9rence int\u00e9resse, vous serez bien s\u00fbr excus\u00e9.e.s \u00e0 Arc-en-Ciel !<\/p>\n<p>Nous nous r\u00e9jouissons de vous retrouver<\/p>\n<p>C\u00e9cile, Lise et Nicole<\/p>\n","protected":false},"excerpt":{"rendered":"<p>Bonjour \u00e0 vous amies et amis, Nous avons le plaisir de vous rappeler notre prochaine rencontre Le 3 avril \u00e0 19h aux Valangines, dans la salle tilleul (en bas). Nous prendrons des nouvelles des un.e.s des autres, \u00e9voquerons les projets Arc-en-Ciel, partagerons un repas canadien. Aucun th\u00e8me sp\u00e9cial n\u2019est pr\u00e9vu, mais nous pourrions \u00e9changer autour [&hellip;]<\/p>\n","protected":false},"author":3,"featured_media":525,"comment_status":"closed","ping_status":"open","sticky":false,"template":"","format":"standard","meta":{"_et_pb_use_builder":"","_et_pb_old_content":"","_et_gb_content_width":"","footnotes":""},"categories":[17],"tags":[],"class_list":["post-523","post","type-post","status-publish","format-standard","has-post-thumbnail","hentry","category-evenements"],"_links":{"self":[{"href":"http:\/\/www.arcenciel-ne.ch\/home\/wp-json\/wp\/v2\/posts\/523","targetHints":{"allow":["GET"]}}],"collection":[{"href":"http:\/\/www.arcenciel-ne.ch\/home\/wp-json\/wp\/v2\/posts"}],"about":[{"href":"http:\/\/www.arcenciel-ne.ch\/home\/wp-json\/wp\/v2\/types\/post"}],"author":[{"embeddable":true,"href":"http:\/\/www.arcenciel-ne.ch\/home\/wp-json\/wp\/v2\/users\/3"}],"replies":[{"embeddable":true,"href":"http:\/\/www.arcenciel-ne.ch\/home\/wp-json\/wp\/v2\/comments?post=523"}],"version-history":[{"count":2,"href":"http:\/\/www.arcenciel-ne.ch\/home\/wp-json\/wp\/v2\/posts\/523\/revisions"}],"predecessor-version":[{"id":529,"href":"http:\/\/www.arcenciel-ne.ch\/home\/wp-json\/wp\/v2\/posts\/523\/revisions\/529"}],"wp:featuredmedia":[{"embeddable":true,"href":"http:\/\/www.arcenciel-ne.ch\/home\/wp-json\/wp\/v2\/media\/525"}],"wp:attachment":[{"href":"http:\/\/www.arcenciel-ne.ch\/home\/wp-json\/wp\/v2\/media?parent=523"}],"wp:term":[{"taxonomy":"category","embeddable":true,"href":"http:\/\/www.arcenciel-ne.ch\/home\/wp-json\/wp\/v2\/categories?post=523"},{"taxonomy":"post_tag","embeddable":true,"href":"http:\/\/www.arcenciel-ne.ch\/home\/wp-json\/wp\/v2\/tags?post=523"}],"curies":[{"name":"wp","href":"https:\/\/api.w.org\/{rel}","templated":true}]}}