{"id":530,"date":"2019-03-31T21:39:15","date_gmt":"2019-03-31T19:39:15","guid":{"rendered":"http:\/\/www.arcenciel-ne.ch\/home\/?p=530"},"modified":"2019-06-02T09:05:53","modified_gmt":"2019-06-02T07:05:53","slug":"assemblee-generale-et-sortie-annuelle","status":"publish","type":"post","link":"http:\/\/www.arcenciel-ne.ch\/home\/assemblee-generale-et-sortie-annuelle\/","title":{"rendered":"Assembl\u00e9e g\u00e9n\u00e9rale et sortie annuelle"},"content":{"rendered":"<p><a href=\"http:\/\/www.arcenciel-ne.ch\/home\/wp-content\/uploads\/2019\/03\/ASSEMBL\u00c9E-G\u00c9N\u00c9RALE.pdf\"><img loading=\"lazy\" decoding=\"async\" class=\"alignnone wp-image-531 size-large\" src=\"http:\/\/www.arcenciel-ne.ch\/home\/wp-content\/uploads\/2019\/03\/Arc-en-Ciel-1024x341.png\" alt=\"\" width=\"1024\" height=\"341\" srcset=\"http:\/\/www.arcenciel-ne.ch\/home\/wp-content\/uploads\/2019\/03\/Arc-en-Ciel-1024x341.png 1024w, http:\/\/www.arcenciel-ne.ch\/home\/wp-content\/uploads\/2019\/03\/Arc-en-Ciel-300x100.png 300w, http:\/\/www.arcenciel-ne.ch\/home\/wp-content\/uploads\/2019\/03\/Arc-en-Ciel-768x256.png 768w, http:\/\/www.arcenciel-ne.ch\/home\/wp-content\/uploads\/2019\/03\/Arc-en-Ciel-1080x360.png 1080w, http:\/\/www.arcenciel-ne.ch\/home\/wp-content\/uploads\/2019\/03\/Arc-en-Ciel.png 1500w\" sizes=\"(max-width: 1024px) 100vw, 1024px\" \/><\/a><\/p>\n<h3 style=\"text-align: center;\"><strong><a href=\"http:\/\/www.arcenciel-ne.ch\/home\/wp-content\/uploads\/2019\/03\/ASSEMBL\u00c9E-G\u00c9N\u00c9RALE.pdf\">Au Menu<\/a><\/strong><\/h3>\n<p>&nbsp;<\/p>\n<h3 style=\"text-align: center;\">Assembl\u00e9e g\u00e9n\u00e9rale, le 24 avril \u00e0 19h aux Valangines, et son ordre du jour<\/h3>\n<p>&nbsp;<\/p>\n<h3 style=\"text-align: center;\">Sortie annuelle, le 11 mai \u00e0 14h30 au Mus\u00e9e des Beaux-Arts du Locle, et son ap\u00e9ritif<\/h3>\n<p>&nbsp;<\/p>\n<h3 style=\"text-align: center;\">Le programme<a href=\"http:\/\/www.arcenciel-ne.ch\/home\/wp-content\/uploads\/2019\/03\/ASSEMBL\u00c9E-G\u00c9N\u00c9RALE.pdf\"> ici<\/a><\/h3>\n","protected":false},"excerpt":{"rendered":"<p>Au Menu &nbsp; Assembl\u00e9e g\u00e9n\u00e9rale, le 24 avril \u00e0 19h aux Valangines, et son ordre du jour &nbsp; Sortie annuelle, le 11 mai \u00e0 14h30 au Mus\u00e9e des Beaux-Arts du Locle, et son ap\u00e9ritif &nbsp; Le programme ici<\/p>\n","protected":false},"author":3,"featured_media":531,"comment_status":"closed","ping_status":"open","sticky":false,"template":"","format":"standard","meta":{"_et_pb_use_builder":"","_et_pb_old_content":"","_et_gb_content_width":"","footnotes":""},"categories":[17],"tags":[],"class_list":["post-530","post","type-post","status-publish","format-standard","has-post-thumbnail","hentry","category-evenements"],"_links":{"self":[{"href":"http:\/\/www.arcenciel-ne.ch\/home\/wp-json\/wp\/v2\/posts\/530","targetHints":{"allow":["GET"]}}],"collection":[{"href":"http:\/\/www.arcenciel-ne.ch\/home\/wp-json\/wp\/v2\/posts"}],"about":[{"href":"http:\/\/www.arcenciel-ne.ch\/home\/wp-json\/wp\/v2\/types\/post"}],"author":[{"embeddable":true,"href":"http:\/\/www.arcenciel-ne.ch\/home\/wp-json\/wp\/v2\/users\/3"}],"replies":[{"embeddable":true,"href":"http:\/\/www.arcenciel-ne.ch\/home\/wp-json\/wp\/v2\/comments?post=530"}],"version-history":[{"count":2,"href":"http:\/\/www.arcenciel-ne.ch\/home\/wp-json\/wp\/v2\/posts\/530\/revisions"}],"predecessor-version":[{"id":534,"href":"http:\/\/www.arcenciel-ne.ch\/home\/wp-json\/wp\/v2\/posts\/530\/revisions\/534"}],"wp:featuredmedia":[{"embeddable":true,"href":"http:\/\/www.arcenciel-ne.ch\/home\/wp-json\/wp\/v2\/media\/531"}],"wp:attachment":[{"href":"http:\/\/www.arcenciel-ne.ch\/home\/wp-json\/wp\/v2\/media?parent=530"}],"wp:term":[{"taxonomy":"category","embeddable":true,"href":"http:\/\/www.arcenciel-ne.ch\/home\/wp-json\/wp\/v2\/categories?post=530"},{"taxonomy":"post_tag","embeddable":true,"href":"http:\/\/www.arcenciel-ne.ch\/home\/wp-json\/wp\/v2\/tags?post=530"}],"curies":[{"name":"wp","href":"https:\/\/api.w.org\/{rel}","templated":true}]}}