{"id":543,"date":"2019-05-01T07:18:07","date_gmt":"2019-05-01T05:18:07","guid":{"rendered":"http:\/\/www.arcenciel-ne.ch\/home\/?p=543"},"modified":"2019-06-02T09:07:03","modified_gmt":"2019-06-02T07:07:03","slug":"rencontre-du-3-mai-et-sortie-du-11-mai","status":"publish","type":"post","link":"http:\/\/www.arcenciel-ne.ch\/home\/rencontre-du-3-mai-et-sortie-du-11-mai\/","title":{"rendered":"Rencontre du 3 mai et Sortie du 11 mai"},"content":{"rendered":"<p><img loading=\"lazy\" decoding=\"async\" class=\"aligncenter wp-image-544 size-large\" src=\"http:\/\/www.arcenciel-ne.ch\/home\/wp-content\/uploads\/2019\/05\/Arc-en-Ciel-Visite-guid\u00e9e-au-Mus\u00e9e-des-beaux-arts-du-Locle-1-1024x341.png\" alt=\"\" width=\"1024\" height=\"341\" srcset=\"http:\/\/www.arcenciel-ne.ch\/home\/wp-content\/uploads\/2019\/05\/Arc-en-Ciel-Visite-guid\u00e9e-au-Mus\u00e9e-des-beaux-arts-du-Locle-1-1024x341.png 1024w, http:\/\/www.arcenciel-ne.ch\/home\/wp-content\/uploads\/2019\/05\/Arc-en-Ciel-Visite-guid\u00e9e-au-Mus\u00e9e-des-beaux-arts-du-Locle-1-300x100.png 300w, http:\/\/www.arcenciel-ne.ch\/home\/wp-content\/uploads\/2019\/05\/Arc-en-Ciel-Visite-guid\u00e9e-au-Mus\u00e9e-des-beaux-arts-du-Locle-1-768x256.png 768w, http:\/\/www.arcenciel-ne.ch\/home\/wp-content\/uploads\/2019\/05\/Arc-en-Ciel-Visite-guid\u00e9e-au-Mus\u00e9e-des-beaux-arts-du-Locle-1-1080x360.png 1080w, http:\/\/www.arcenciel-ne.ch\/home\/wp-content\/uploads\/2019\/05\/Arc-en-Ciel-Visite-guid\u00e9e-au-Mus\u00e9e-des-beaux-arts-du-Locle-1.png 1500w\" sizes=\"(max-width: 1024px) 100vw, 1024px\" \/><\/p>\n<p>Bonjour \u00e0 vous, ami.e.s Arc-en-Ciel,<\/p>\n<p>Ce message pour vous rappeler\u00a0:<\/p>\n<ul>\n<li><strong>La rencontre du 3 mai<\/strong>\n<ul>\n<li>\u00c0 <strong>19h <\/strong><\/li>\n<li>\u00c0 la Cure catholique chr\u00e9tienne, rue de la Chapelle 5, <strong>La Chaux-de-Fonds<\/strong><\/li>\n<li>Au menu\u00a0: ce que nous apporterons (au propre comme au figur\u00e9)<\/li>\n<\/ul>\n<\/li>\n<li><strong>La sortie du samedi 11 mai<\/strong>\n<ul>\n<li><strong>14h 30<\/strong>. <strong>Visite guid\u00e9e gratuite<\/strong> au mus\u00e9e des beaux-arts du Locle (expo de photographes femmes et trans)<\/li>\n<li><strong>Ap\u00e9ro<\/strong> (12.- par personne)<\/li>\n<li><strong>Merci de vous inscrire<\/strong> <strong>\u00e0 la visite et\/ou \u00e0 l\u2019ap\u00e9ro\u00a0<\/strong>: \u00a0soit en r\u00e9pondant au mail, soit par message au 079 691 40 13, ou le 3 mai, dernier d\u00e9lai.<\/li>\n<li>Vous pouvez <strong>inviter qui vous voulez<\/strong>, amis, parents, etc.<\/li>\n<\/ul>\n<\/li>\n<\/ul>\n<p>Au plaisir de vous retrouver!<\/p>\n","protected":false},"excerpt":{"rendered":"<p>Bonjour \u00e0 vous, ami.e.s Arc-en-Ciel, Ce message pour vous rappeler\u00a0: La rencontre du 3 mai \u00c0 19h \u00c0 la Cure catholique chr\u00e9tienne, rue de la Chapelle 5, La Chaux-de-Fonds Au menu\u00a0: ce que nous apporterons (au propre comme au figur\u00e9) La sortie du samedi 11 mai 14h 30. Visite guid\u00e9e gratuite au mus\u00e9e des beaux-arts [&hellip;]<\/p>\n","protected":false},"author":3,"featured_media":544,"comment_status":"closed","ping_status":"open","sticky":false,"template":"","format":"standard","meta":{"_et_pb_use_builder":"","_et_pb_old_content":"","_et_gb_content_width":"","footnotes":""},"categories":[17],"tags":[],"class_list":["post-543","post","type-post","status-publish","format-standard","has-post-thumbnail","hentry","category-evenements"],"_links":{"self":[{"href":"http:\/\/www.arcenciel-ne.ch\/home\/wp-json\/wp\/v2\/posts\/543","targetHints":{"allow":["GET"]}}],"collection":[{"href":"http:\/\/www.arcenciel-ne.ch\/home\/wp-json\/wp\/v2\/posts"}],"about":[{"href":"http:\/\/www.arcenciel-ne.ch\/home\/wp-json\/wp\/v2\/types\/post"}],"author":[{"embeddable":true,"href":"http:\/\/www.arcenciel-ne.ch\/home\/wp-json\/wp\/v2\/users\/3"}],"replies":[{"embeddable":true,"href":"http:\/\/www.arcenciel-ne.ch\/home\/wp-json\/wp\/v2\/comments?post=543"}],"version-history":[{"count":1,"href":"http:\/\/www.arcenciel-ne.ch\/home\/wp-json\/wp\/v2\/posts\/543\/revisions"}],"predecessor-version":[{"id":545,"href":"http:\/\/www.arcenciel-ne.ch\/home\/wp-json\/wp\/v2\/posts\/543\/revisions\/545"}],"wp:featuredmedia":[{"embeddable":true,"href":"http:\/\/www.arcenciel-ne.ch\/home\/wp-json\/wp\/v2\/media\/544"}],"wp:attachment":[{"href":"http:\/\/www.arcenciel-ne.ch\/home\/wp-json\/wp\/v2\/media?parent=543"}],"wp:term":[{"taxonomy":"category","embeddable":true,"href":"http:\/\/www.arcenciel-ne.ch\/home\/wp-json\/wp\/v2\/categories?post=543"},{"taxonomy":"post_tag","embeddable":true,"href":"http:\/\/www.arcenciel-ne.ch\/home\/wp-json\/wp\/v2\/tags?post=543"}],"curies":[{"name":"wp","href":"https:\/\/api.w.org\/{rel}","templated":true}]}}