{"id":555,"date":"2019-08-27T20:53:24","date_gmt":"2019-08-27T18:53:24","guid":{"rendered":"http:\/\/www.arcenciel-ne.ch\/home\/?p=555"},"modified":"2019-08-27T20:56:13","modified_gmt":"2019-08-27T18:56:13","slug":"rencontre-du-3-septembre","status":"publish","type":"post","link":"http:\/\/www.arcenciel-ne.ch\/home\/rencontre-du-3-septembre\/","title":{"rendered":"Rencontre du 3 septembre"},"content":{"rendered":"<p><img loading=\"lazy\" decoding=\"async\" class=\"alignnone wp-image-556 size-large\" src=\"http:\/\/www.arcenciel-ne.ch\/home\/wp-content\/uploads\/2019\/08\/Arc-en-Ciel-3-septembre-2019-La-Chaux-de-fonds-1024x341.png\" alt=\"\" width=\"1024\" height=\"341\" srcset=\"http:\/\/www.arcenciel-ne.ch\/home\/wp-content\/uploads\/2019\/08\/Arc-en-Ciel-3-septembre-2019-La-Chaux-de-fonds-1024x341.png 1024w, http:\/\/www.arcenciel-ne.ch\/home\/wp-content\/uploads\/2019\/08\/Arc-en-Ciel-3-septembre-2019-La-Chaux-de-fonds-300x100.png 300w, http:\/\/www.arcenciel-ne.ch\/home\/wp-content\/uploads\/2019\/08\/Arc-en-Ciel-3-septembre-2019-La-Chaux-de-fonds-768x256.png 768w, http:\/\/www.arcenciel-ne.ch\/home\/wp-content\/uploads\/2019\/08\/Arc-en-Ciel-3-septembre-2019-La-Chaux-de-fonds-1080x360.png 1080w, http:\/\/www.arcenciel-ne.ch\/home\/wp-content\/uploads\/2019\/08\/Arc-en-Ciel-3-septembre-2019-La-Chaux-de-fonds.png 1500w\" sizes=\"(max-width: 1024px) 100vw, 1024px\" \/><\/p>\n<p>Bonjour \u00e0 vous\u00a0!<\/p>\n<p>Pour la \u00ab\u00a0rentr\u00e9e\u00a0\u00bb, nous nous r\u00e9jouissons de vous retrouver<\/p>\n<p>le <strong>3 septembre \u00e0 19h \u00e0 la cure de la chapelle St-Pierre, \u00e0 La Chaux-de-Fonds<\/strong><\/p>\n<p>Apr\u00e8s un temps d\u2019accueil et de nouvelles des un.e.s des autres, une <strong>soir\u00e9e cin\u00e9<\/strong>\u00a0durant laquelle nous regarderons <strong>Boy erased.\u00a0<\/strong>Nous partagerons le traditionnel pique-nique commun pendant le film et \u00e9changerons nos impressions apr\u00e8s la s\u00e9ance. Le film dure 2h, nous finirons donc un peu plus tard que d\u2019habitude,<\/p>\n<p>On se r\u00e9jouit beaucoup<br \/>\nC\u00e9cile Lise Nicole<\/p>\n<p>&nbsp;<\/p>\n<p>Pour info\u00a0: <strong>les dates Arc-en-Ciel 2019-2020<\/strong><br \/>\n3 octobre\u00a0: Valangines, Neuch\u00e2tel<br \/>\n3 novembre\u00a0: Cure de la Chapelle St-Pierre, La Chaux-de-Fonds<br \/>\n3 d\u00e9cembre\u00a0: Valangines, Neuch\u00e2tel<br \/>\n3 janvier\u00a0: Cure de la Chapelle St-Pierre, La Chaux-de-Fonds<br \/>\n3 f\u00e9vrier Valangines, Neuch\u00e2tel<br \/>\n3 mars\u00a0: Cure de la Chapelle St-Pierre, La Chaux-de-Fonds<br \/>\n3 avril Valangines, Neuch\u00e2tel<br \/>\n3 mai\u00a0: Cure de la Chapelle St-Pierre, La Chaux-de-Fonds<br \/>\n3 juin Valangines, Neuch\u00e2tel<br \/>\n3 juillet et 3 ao\u00fbt\u00a0: grillades<\/p>\n","protected":false},"excerpt":{"rendered":"<p>Bonjour \u00e0 vous\u00a0! Pour la \u00ab\u00a0rentr\u00e9e\u00a0\u00bb, nous nous r\u00e9jouissons de vous retrouver le 3 septembre \u00e0 19h \u00e0 la cure de la chapelle St-Pierre, \u00e0 La Chaux-de-Fonds Apr\u00e8s un temps d\u2019accueil et de nouvelles des un.e.s des autres, une soir\u00e9e cin\u00e9\u00a0durant laquelle nous regarderons Boy erased.\u00a0Nous partagerons le traditionnel pique-nique commun pendant le film et [&hellip;]<\/p>\n","protected":false},"author":3,"featured_media":556,"comment_status":"closed","ping_status":"open","sticky":false,"template":"","format":"standard","meta":{"_et_pb_use_builder":"","_et_pb_old_content":"","_et_gb_content_width":"","footnotes":""},"categories":[18],"tags":[],"class_list":["post-555","post","type-post","status-publish","format-standard","has-post-thumbnail","hentry","category-messages"],"_links":{"self":[{"href":"http:\/\/www.arcenciel-ne.ch\/home\/wp-json\/wp\/v2\/posts\/555","targetHints":{"allow":["GET"]}}],"collection":[{"href":"http:\/\/www.arcenciel-ne.ch\/home\/wp-json\/wp\/v2\/posts"}],"about":[{"href":"http:\/\/www.arcenciel-ne.ch\/home\/wp-json\/wp\/v2\/types\/post"}],"author":[{"embeddable":true,"href":"http:\/\/www.arcenciel-ne.ch\/home\/wp-json\/wp\/v2\/users\/3"}],"replies":[{"embeddable":true,"href":"http:\/\/www.arcenciel-ne.ch\/home\/wp-json\/wp\/v2\/comments?post=555"}],"version-history":[{"count":2,"href":"http:\/\/www.arcenciel-ne.ch\/home\/wp-json\/wp\/v2\/posts\/555\/revisions"}],"predecessor-version":[{"id":558,"href":"http:\/\/www.arcenciel-ne.ch\/home\/wp-json\/wp\/v2\/posts\/555\/revisions\/558"}],"wp:featuredmedia":[{"embeddable":true,"href":"http:\/\/www.arcenciel-ne.ch\/home\/wp-json\/wp\/v2\/media\/556"}],"wp:attachment":[{"href":"http:\/\/www.arcenciel-ne.ch\/home\/wp-json\/wp\/v2\/media?parent=555"}],"wp:term":[{"taxonomy":"category","embeddable":true,"href":"http:\/\/www.arcenciel-ne.ch\/home\/wp-json\/wp\/v2\/categories?post=555"},{"taxonomy":"post_tag","embeddable":true,"href":"http:\/\/www.arcenciel-ne.ch\/home\/wp-json\/wp\/v2\/tags?post=555"}],"curies":[{"name":"wp","href":"https:\/\/api.w.org\/{rel}","templated":true}]}}