{"id":560,"date":"2019-10-30T16:26:10","date_gmt":"2019-10-30T15:26:10","guid":{"rendered":"http:\/\/www.arcenciel-ne.ch\/home\/?p=560"},"modified":"2019-10-30T16:26:19","modified_gmt":"2019-10-30T15:26:19","slug":"rencontre-du-3-novembre-2","status":"publish","type":"post","link":"http:\/\/www.arcenciel-ne.ch\/home\/rencontre-du-3-novembre-2\/","title":{"rendered":"Rencontre du 3 novembre"},"content":{"rendered":"<p><img loading=\"lazy\" decoding=\"async\" class=\"aligncenter wp-image-561 size-large\" src=\"http:\/\/www.arcenciel-ne.ch\/home\/wp-content\/uploads\/2019\/10\/arc-en-ciel_3_nov_19-1024x341.png\" alt=\"\" width=\"1024\" height=\"341\" srcset=\"http:\/\/www.arcenciel-ne.ch\/home\/wp-content\/uploads\/2019\/10\/arc-en-ciel_3_nov_19-1024x341.png 1024w, http:\/\/www.arcenciel-ne.ch\/home\/wp-content\/uploads\/2019\/10\/arc-en-ciel_3_nov_19-300x100.png 300w, http:\/\/www.arcenciel-ne.ch\/home\/wp-content\/uploads\/2019\/10\/arc-en-ciel_3_nov_19-768x256.png 768w, http:\/\/www.arcenciel-ne.ch\/home\/wp-content\/uploads\/2019\/10\/arc-en-ciel_3_nov_19-1080x360.png 1080w, http:\/\/www.arcenciel-ne.ch\/home\/wp-content\/uploads\/2019\/10\/arc-en-ciel_3_nov_19.png 1500w\" sizes=\"(max-width: 1024px) 100vw, 1024px\" \/><\/p>\n<p>Ch\u00e8res amies, chers amis,<\/p>\n<p><strong>Ce dimanche 3 novembre, le groupe Arc-en-Ciel se retrouvera <\/strong><\/p>\n<p><strong>\u00c0 la cure catholique-chr\u00e9tienne, rue de la chapelle 5, La Chaux-de-Fonds, \u00e0 19h<\/strong><\/p>\n<p>Nous partagerons un d\u00eener canadien, et nous aurons normalement le plaisir d\u2019accueillir de nouvelles personnes.<\/p>\n<p>Si le temps le permet, nous pourrions aborder un th\u00e8me qui tient \u00e0 c\u0153ur \u00e0 certaines et certains d\u2019entre nous, autour de la question suivante\u00a0:<\/p>\n<p><em>Dans le cadre d\u2019une relation amicale ou amoureuse, comment se r\u00e9v\u00e8le \u00e0 nous ce que l\u2019on pr\u00e9f\u00e8re chez l\u2019autre\u00a0? Quels \u00e9l\u00e9ments visuels, caract\u00e9riels, spirituels provoquent en nous des \u00e9motions diverses\u00a0? Comment pensons-nous \u00a0la connexion entre ces sentiments et l\u2019amour de Dieu (si c\u2019est le cas)\u00a0?<\/em><\/p>\n<p>&nbsp;<\/p>\n<p>Nous nous r\u00e9jouissons de vous retrouver,<\/p>\n<p>Bien \u00e0 vous<\/p>\n<p>C\u00e9cile Lise et Nicole<\/p>\n","protected":false},"excerpt":{"rendered":"<p>Ch\u00e8res amies, chers amis, Ce dimanche 3 novembre, le groupe Arc-en-Ciel se retrouvera \u00c0 la cure catholique-chr\u00e9tienne, rue de la chapelle 5, La Chaux-de-Fonds, \u00e0 19h Nous partagerons un d\u00eener canadien, et nous aurons normalement le plaisir d\u2019accueillir de nouvelles personnes. Si le temps le permet, nous pourrions aborder un th\u00e8me qui tient \u00e0 c\u0153ur [&hellip;]<\/p>\n","protected":false},"author":3,"featured_media":561,"comment_status":"closed","ping_status":"open","sticky":false,"template":"","format":"standard","meta":{"_et_pb_use_builder":"","_et_pb_old_content":"","_et_gb_content_width":"","footnotes":""},"categories":[17],"tags":[],"class_list":["post-560","post","type-post","status-publish","format-standard","has-post-thumbnail","hentry","category-evenements"],"_links":{"self":[{"href":"http:\/\/www.arcenciel-ne.ch\/home\/wp-json\/wp\/v2\/posts\/560","targetHints":{"allow":["GET"]}}],"collection":[{"href":"http:\/\/www.arcenciel-ne.ch\/home\/wp-json\/wp\/v2\/posts"}],"about":[{"href":"http:\/\/www.arcenciel-ne.ch\/home\/wp-json\/wp\/v2\/types\/post"}],"author":[{"embeddable":true,"href":"http:\/\/www.arcenciel-ne.ch\/home\/wp-json\/wp\/v2\/users\/3"}],"replies":[{"embeddable":true,"href":"http:\/\/www.arcenciel-ne.ch\/home\/wp-json\/wp\/v2\/comments?post=560"}],"version-history":[{"count":1,"href":"http:\/\/www.arcenciel-ne.ch\/home\/wp-json\/wp\/v2\/posts\/560\/revisions"}],"predecessor-version":[{"id":562,"href":"http:\/\/www.arcenciel-ne.ch\/home\/wp-json\/wp\/v2\/posts\/560\/revisions\/562"}],"wp:featuredmedia":[{"embeddable":true,"href":"http:\/\/www.arcenciel-ne.ch\/home\/wp-json\/wp\/v2\/media\/561"}],"wp:attachment":[{"href":"http:\/\/www.arcenciel-ne.ch\/home\/wp-json\/wp\/v2\/media?parent=560"}],"wp:term":[{"taxonomy":"category","embeddable":true,"href":"http:\/\/www.arcenciel-ne.ch\/home\/wp-json\/wp\/v2\/categories?post=560"},{"taxonomy":"post_tag","embeddable":true,"href":"http:\/\/www.arcenciel-ne.ch\/home\/wp-json\/wp\/v2\/tags?post=560"}],"curies":[{"name":"wp","href":"https:\/\/api.w.org\/{rel}","templated":true}]}}