{"id":587,"date":"2020-02-26T17:26:59","date_gmt":"2020-02-26T16:26:59","guid":{"rendered":"http:\/\/www.arcenciel-ne.ch\/home\/?p=587"},"modified":"2020-02-26T17:28:59","modified_gmt":"2020-02-26T16:28:59","slug":"rencontre-du-3-mars-2020","status":"publish","type":"post","link":"http:\/\/www.arcenciel-ne.ch\/home\/rencontre-du-3-mars-2020\/","title":{"rendered":"Rencontre du 3 mars 2020"},"content":{"rendered":"<p><img loading=\"lazy\" decoding=\"async\" class=\"alignnone wp-image-588 size-large\" src=\"http:\/\/www.arcenciel-ne.ch\/home\/wp-content\/uploads\/2020\/02\/Arc-en-Ciel-Rencontre-du-3-mars-\u00e0-19h-La-Chaux-de-Fonds-1024x341.png\" alt=\"\" width=\"1024\" height=\"341\" srcset=\"http:\/\/www.arcenciel-ne.ch\/home\/wp-content\/uploads\/2020\/02\/Arc-en-Ciel-Rencontre-du-3-mars-\u00e0-19h-La-Chaux-de-Fonds-1024x341.png 1024w, http:\/\/www.arcenciel-ne.ch\/home\/wp-content\/uploads\/2020\/02\/Arc-en-Ciel-Rencontre-du-3-mars-\u00e0-19h-La-Chaux-de-Fonds-300x100.png 300w, http:\/\/www.arcenciel-ne.ch\/home\/wp-content\/uploads\/2020\/02\/Arc-en-Ciel-Rencontre-du-3-mars-\u00e0-19h-La-Chaux-de-Fonds-768x256.png 768w, http:\/\/www.arcenciel-ne.ch\/home\/wp-content\/uploads\/2020\/02\/Arc-en-Ciel-Rencontre-du-3-mars-\u00e0-19h-La-Chaux-de-Fonds-1080x360.png 1080w, http:\/\/www.arcenciel-ne.ch\/home\/wp-content\/uploads\/2020\/02\/Arc-en-Ciel-Rencontre-du-3-mars-\u00e0-19h-La-Chaux-de-Fonds.png 1500w\" sizes=\"(max-width: 1024px) 100vw, 1024px\" \/><\/p>\n<p>Bonjour \u00e0 toutes et tous,<\/p>\n<p>Ce prochain <strong>3 mars<\/strong>, Arc-en-Ciel se r\u00e9unira<\/p>\n<p><strong>\u00c0 la Cure catholique chr\u00e9tienne, rue de la chapelle 5, La Chaux-de-Fonds, entre 19h et 21h.<\/strong><\/p>\n<p>Nous partagerons comme \u00e0 l\u2019accoutum\u00e9e un repas canadien,<\/p>\n<p>Nous souhaiterions prendre un moment pour<\/p>\n<p><strong>Parler du groupe du 3<\/strong><\/p>\n<ul>\n<li>Qu\u2019est-ce que chacune, chacun de vous attend des rencontres du 3 du mois\u00a0?<\/li>\n<li>Etes-vous satisfait.e du d\u00e9roulement des rencontres\u00a0? que voudriez-vous changer\u00a0?<\/li>\n<\/ul>\n<p><em>Nous invitons toutes les personnes qui ne pourront pas \u00eatre pr\u00e9sentes \u00e0 r\u00e9pondre \u00e0 ces questions par un mail ou par t\u00e9l\u00e9phone<\/em><\/p>\n<p><strong>Parler de l\u2019Association<\/strong><\/p>\n<ul>\n<li>Des \u00e9v\u00e9nements 2020 et de votre envie ou non de vous y impliquer.<\/li>\n<li>De l\u2019assembl\u00e9e g\u00e9n\u00e9rale et des cotisations<\/li>\n<\/ul>\n<p>En nous r\u00e9jouissant de cette rencontre,<\/p>\n<p>Bien \u00e0 vous<\/p>\n<p>C\u00e9cile, Lise et Nicole<\/p>\n<p>&nbsp;<\/p>\n","protected":false},"excerpt":{"rendered":"<p>Bonjour \u00e0 toutes et tous, Ce prochain 3 mars, Arc-en-Ciel se r\u00e9unira \u00c0 la Cure catholique chr\u00e9tienne, rue de la chapelle 5, La Chaux-de-Fonds, entre 19h et 21h. Nous partagerons comme \u00e0 l\u2019accoutum\u00e9e un repas canadien, Nous souhaiterions prendre un moment pour Parler du groupe du 3 Qu\u2019est-ce que chacune, chacun de vous attend des [&hellip;]<\/p>\n","protected":false},"author":3,"featured_media":588,"comment_status":"closed","ping_status":"open","sticky":false,"template":"","format":"standard","meta":{"_et_pb_use_builder":"","_et_pb_old_content":"","_et_gb_content_width":"","footnotes":""},"categories":[17],"tags":[],"class_list":["post-587","post","type-post","status-publish","format-standard","has-post-thumbnail","hentry","category-evenements"],"_links":{"self":[{"href":"http:\/\/www.arcenciel-ne.ch\/home\/wp-json\/wp\/v2\/posts\/587","targetHints":{"allow":["GET"]}}],"collection":[{"href":"http:\/\/www.arcenciel-ne.ch\/home\/wp-json\/wp\/v2\/posts"}],"about":[{"href":"http:\/\/www.arcenciel-ne.ch\/home\/wp-json\/wp\/v2\/types\/post"}],"author":[{"embeddable":true,"href":"http:\/\/www.arcenciel-ne.ch\/home\/wp-json\/wp\/v2\/users\/3"}],"replies":[{"embeddable":true,"href":"http:\/\/www.arcenciel-ne.ch\/home\/wp-json\/wp\/v2\/comments?post=587"}],"version-history":[{"count":3,"href":"http:\/\/www.arcenciel-ne.ch\/home\/wp-json\/wp\/v2\/posts\/587\/revisions"}],"predecessor-version":[{"id":591,"href":"http:\/\/www.arcenciel-ne.ch\/home\/wp-json\/wp\/v2\/posts\/587\/revisions\/591"}],"wp:featuredmedia":[{"embeddable":true,"href":"http:\/\/www.arcenciel-ne.ch\/home\/wp-json\/wp\/v2\/media\/588"}],"wp:attachment":[{"href":"http:\/\/www.arcenciel-ne.ch\/home\/wp-json\/wp\/v2\/media?parent=587"}],"wp:term":[{"taxonomy":"category","embeddable":true,"href":"http:\/\/www.arcenciel-ne.ch\/home\/wp-json\/wp\/v2\/categories?post=587"},{"taxonomy":"post_tag","embeddable":true,"href":"http:\/\/www.arcenciel-ne.ch\/home\/wp-json\/wp\/v2\/tags?post=587"}],"curies":[{"name":"wp","href":"https:\/\/api.w.org\/{rel}","templated":true}]}}