{"id":592,"date":"2020-03-05T10:27:33","date_gmt":"2020-03-05T09:27:33","guid":{"rendered":"http:\/\/www.arcenciel-ne.ch\/home\/?p=592"},"modified":"2020-03-05T10:27:33","modified_gmt":"2020-03-05T09:27:33","slug":"sous-la-peau-film-sur-lidentite-trans","status":"publish","type":"post","link":"http:\/\/www.arcenciel-ne.ch\/home\/sous-la-peau-film-sur-lidentite-trans\/","title":{"rendered":"Sous la Peau. Film sur l&rsquo;identit\u00e9 trans*"},"content":{"rendered":"<p><img loading=\"lazy\" decoding=\"async\" class=\"alignnone wp-image-593 size-full\" src=\"http:\/\/www.arcenciel-ne.ch\/home\/wp-content\/uploads\/2020\/03\/FacebookCover_820x310_SLP.jpg\" alt=\"\" width=\"820\" height=\"310\" srcset=\"http:\/\/www.arcenciel-ne.ch\/home\/wp-content\/uploads\/2020\/03\/FacebookCover_820x310_SLP.jpg 820w, http:\/\/www.arcenciel-ne.ch\/home\/wp-content\/uploads\/2020\/03\/FacebookCover_820x310_SLP-300x113.jpg 300w, http:\/\/www.arcenciel-ne.ch\/home\/wp-content\/uploads\/2020\/03\/FacebookCover_820x310_SLP-768x290.jpg 768w\" sizes=\"(max-width: 820px) 100vw, 820px\" \/><\/p>\n<p>Bonjour \u00e0 toutes et tous,<\/p>\n<p><em><strong>Sous la Peau\u00a0<\/strong><\/em>(2019, 85&prime;, VOSTFR) est un film suisse qui parle de l&rsquo;identit\u00e9 trans*. Deux s\u00e9ances ont lieu dans le canton de Neuch\u00e2tel en pr\u00e9sence du r\u00e9alisateur Robin Harsch.<\/p>\n<p><em>Ce film raconte la transition de trois adolescents trans, mais parle aussi du bouleversement abyssal qu\u2019elle va engendrer et de la qu\u00eate de l\u2019identit\u00e9 enfouie au plus profond de chacun d\u2019entre eux. <a href=\"https:\/\/www.youtube.com\/watch?v=87Bs1400PPA&amp;feature=emb_title\" target=\"_blank\" rel=\"noopener\">La bande annonce<\/a>.<\/em><\/p>\n<p><strong>Le 17 mars \u00e0 20h au cin\u00e9ma Minimum (Neuch\u00e2tel)<\/strong>. Avec l&rsquo;intervention d&rsquo;Aline et James de <em>Sui Generis<\/em>,<\/p>\n<p><strong>Le 18 mars \u00e0 20h, \u00e0 l&rsquo;ABC (La Chaux-de-Fonds).\u00a0<\/strong><em>Arc-en-Ciel<\/em> et <em>Togayther<\/em> seront repr\u00e9sent\u00e9es par C\u00e9cile et Ari interviendra pour un t\u00e9moignage. <em>Ami\u00b7e\u00b7s* d&rsquo;Arc-en-Ciel, on se r\u00e9jouirait beaucoup de partager ce moment avec vous!!<\/em><\/p>\n<p>Bien \u00e0 vous<\/p>\n<p>C\u00e9cile, Ari, Lise et Nicole<\/p>\n","protected":false},"excerpt":{"rendered":"<p>Bonjour \u00e0 toutes et tous, Sous la Peau\u00a0(2019, 85&prime;, VOSTFR) est un film suisse qui parle de l&rsquo;identit\u00e9 trans*. Deux s\u00e9ances ont lieu dans le canton de Neuch\u00e2tel en pr\u00e9sence du r\u00e9alisateur Robin Harsch. Ce film raconte la transition de trois adolescents trans, mais parle aussi du bouleversement abyssal qu\u2019elle va engendrer et de la [&hellip;]<\/p>\n","protected":false},"author":3,"featured_media":593,"comment_status":"closed","ping_status":"open","sticky":false,"template":"","format":"standard","meta":{"_et_pb_use_builder":"","_et_pb_old_content":"","_et_gb_content_width":"","footnotes":""},"categories":[17],"tags":[],"class_list":["post-592","post","type-post","status-publish","format-standard","has-post-thumbnail","hentry","category-evenements"],"_links":{"self":[{"href":"http:\/\/www.arcenciel-ne.ch\/home\/wp-json\/wp\/v2\/posts\/592","targetHints":{"allow":["GET"]}}],"collection":[{"href":"http:\/\/www.arcenciel-ne.ch\/home\/wp-json\/wp\/v2\/posts"}],"about":[{"href":"http:\/\/www.arcenciel-ne.ch\/home\/wp-json\/wp\/v2\/types\/post"}],"author":[{"embeddable":true,"href":"http:\/\/www.arcenciel-ne.ch\/home\/wp-json\/wp\/v2\/users\/3"}],"replies":[{"embeddable":true,"href":"http:\/\/www.arcenciel-ne.ch\/home\/wp-json\/wp\/v2\/comments?post=592"}],"version-history":[{"count":6,"href":"http:\/\/www.arcenciel-ne.ch\/home\/wp-json\/wp\/v2\/posts\/592\/revisions"}],"predecessor-version":[{"id":600,"href":"http:\/\/www.arcenciel-ne.ch\/home\/wp-json\/wp\/v2\/posts\/592\/revisions\/600"}],"wp:featuredmedia":[{"embeddable":true,"href":"http:\/\/www.arcenciel-ne.ch\/home\/wp-json\/wp\/v2\/media\/593"}],"wp:attachment":[{"href":"http:\/\/www.arcenciel-ne.ch\/home\/wp-json\/wp\/v2\/media?parent=592"}],"wp:term":[{"taxonomy":"category","embeddable":true,"href":"http:\/\/www.arcenciel-ne.ch\/home\/wp-json\/wp\/v2\/categories?post=592"},{"taxonomy":"post_tag","embeddable":true,"href":"http:\/\/www.arcenciel-ne.ch\/home\/wp-json\/wp\/v2\/tags?post=592"}],"curies":[{"name":"wp","href":"https:\/\/api.w.org\/{rel}","templated":true}]}}