{"id":646,"date":"2020-08-28T13:30:16","date_gmt":"2020-08-28T11:30:16","guid":{"rendered":"http:\/\/www.arcenciel-ne.ch\/home\/?p=646"},"modified":"2020-08-28T13:30:16","modified_gmt":"2020-08-28T11:30:16","slug":"rencontre-du-3-septembre-2","status":"publish","type":"post","link":"http:\/\/www.arcenciel-ne.ch\/home\/rencontre-du-3-septembre-2\/","title":{"rendered":"Rencontre du 3 septembre"},"content":{"rendered":"<p><img loading=\"lazy\" decoding=\"async\" class=\"alignnone wp-image-647 size-large\" src=\"http:\/\/www.arcenciel-ne.ch\/home\/wp-content\/uploads\/2020\/08\/Follow-Me-1-1024x341.png\" alt=\"\" width=\"1024\" height=\"341\" srcset=\"http:\/\/www.arcenciel-ne.ch\/home\/wp-content\/uploads\/2020\/08\/Follow-Me-1-1024x341.png 1024w, http:\/\/www.arcenciel-ne.ch\/home\/wp-content\/uploads\/2020\/08\/Follow-Me-1-300x100.png 300w, http:\/\/www.arcenciel-ne.ch\/home\/wp-content\/uploads\/2020\/08\/Follow-Me-1-768x256.png 768w, http:\/\/www.arcenciel-ne.ch\/home\/wp-content\/uploads\/2020\/08\/Follow-Me-1-1080x360.png 1080w, http:\/\/www.arcenciel-ne.ch\/home\/wp-content\/uploads\/2020\/08\/Follow-Me-1.png 1500w\" sizes=\"(max-width: 1024px) 100vw, 1024px\" \/><br \/>\nBonjour \u00e0 toutes et tous,<br \/>\nLe 3 septembre, \u00e0 19h00, nous reprendrons nos rencontres Arc-en-Ciel \u00e0 La Chaux-de-Fonds : rue du<strong> DOUBS 107\u2026<\/strong> En effet, Comme la cure catholique chr\u00e9tienne n\u2019est pas libre, nous nous retrouverons dans les locaux de la paroisse allemande qui nous offre gratuitement cette possibilit\u00e9.<br \/>\nA notre habitude, nous partagerons un souper canadien avec ce que chacun-e aura apport\u00e9.<br \/>\nM\u00eame s\u2019il n\u2019est peut-\u00eatre pas n\u00e9cessaire de proposer un th\u00e8me, C\u00e9cile serait int\u00e9ress\u00e9e \u00e0 ce que nous partagions sur la question du \u00ab discernement \u00bb : comment sentir ce que Dieu souhaite pour nos vies ? Comment avons-nous su qu\u2019il nous aime comme nous sommes, en tant qu\u2019homo, que trans, etc. ? Comment encourager les personnes qui se posent des questions \u00e0 ce sujet ?<\/p>\n<p>Toute belle fin de semaine et au plaisir de vous retrouver,<br \/>\nC\u00e9cile, Lise et Nicole<\/p>\n","protected":false},"excerpt":{"rendered":"<p>Bonjour \u00e0 toutes et tous, Le 3 septembre, \u00e0 19h00, nous reprendrons nos rencontres Arc-en-Ciel \u00e0 La Chaux-de-Fonds : rue du DOUBS 107\u2026 En effet, Comme la cure catholique chr\u00e9tienne n\u2019est pas libre, nous nous retrouverons dans les locaux de la paroisse allemande qui nous offre gratuitement cette possibilit\u00e9. A notre habitude, nous partagerons un [&hellip;]<\/p>\n","protected":false},"author":3,"featured_media":0,"comment_status":"closed","ping_status":"open","sticky":false,"template":"","format":"standard","meta":{"_et_pb_use_builder":"","_et_pb_old_content":"","_et_gb_content_width":"","footnotes":""},"categories":[18],"tags":[],"class_list":["post-646","post","type-post","status-publish","format-standard","hentry","category-messages"],"_links":{"self":[{"href":"http:\/\/www.arcenciel-ne.ch\/home\/wp-json\/wp\/v2\/posts\/646","targetHints":{"allow":["GET"]}}],"collection":[{"href":"http:\/\/www.arcenciel-ne.ch\/home\/wp-json\/wp\/v2\/posts"}],"about":[{"href":"http:\/\/www.arcenciel-ne.ch\/home\/wp-json\/wp\/v2\/types\/post"}],"author":[{"embeddable":true,"href":"http:\/\/www.arcenciel-ne.ch\/home\/wp-json\/wp\/v2\/users\/3"}],"replies":[{"embeddable":true,"href":"http:\/\/www.arcenciel-ne.ch\/home\/wp-json\/wp\/v2\/comments?post=646"}],"version-history":[{"count":1,"href":"http:\/\/www.arcenciel-ne.ch\/home\/wp-json\/wp\/v2\/posts\/646\/revisions"}],"predecessor-version":[{"id":648,"href":"http:\/\/www.arcenciel-ne.ch\/home\/wp-json\/wp\/v2\/posts\/646\/revisions\/648"}],"wp:attachment":[{"href":"http:\/\/www.arcenciel-ne.ch\/home\/wp-json\/wp\/v2\/media?parent=646"}],"wp:term":[{"taxonomy":"category","embeddable":true,"href":"http:\/\/www.arcenciel-ne.ch\/home\/wp-json\/wp\/v2\/categories?post=646"},{"taxonomy":"post_tag","embeddable":true,"href":"http:\/\/www.arcenciel-ne.ch\/home\/wp-json\/wp\/v2\/tags?post=646"}],"curies":[{"name":"wp","href":"https:\/\/api.w.org\/{rel}","templated":true}]}}