{"id":657,"date":"2020-09-30T08:54:04","date_gmt":"2020-09-30T06:54:04","guid":{"rendered":"http:\/\/www.arcenciel-ne.ch\/home\/?p=657"},"modified":"2020-09-30T08:56:09","modified_gmt":"2020-09-30T06:56:09","slug":"rencontre-du-3-octobre","status":"publish","type":"post","link":"http:\/\/www.arcenciel-ne.ch\/home\/rencontre-du-3-octobre\/","title":{"rendered":"Rencontre du 3 octobre"},"content":{"rendered":"<p><img loading=\"lazy\" decoding=\"async\" class=\"alignnone wp-image-658 size-large\" src=\"http:\/\/www.arcenciel-ne.ch\/home\/wp-content\/uploads\/2020\/09\/3octobre-1024x341.png\" alt=\"\" width=\"1024\" height=\"341\" srcset=\"http:\/\/www.arcenciel-ne.ch\/home\/wp-content\/uploads\/2020\/09\/3octobre-1024x341.png 1024w, http:\/\/www.arcenciel-ne.ch\/home\/wp-content\/uploads\/2020\/09\/3octobre-300x100.png 300w, http:\/\/www.arcenciel-ne.ch\/home\/wp-content\/uploads\/2020\/09\/3octobre-768x256.png 768w, http:\/\/www.arcenciel-ne.ch\/home\/wp-content\/uploads\/2020\/09\/3octobre-1080x360.png 1080w, http:\/\/www.arcenciel-ne.ch\/home\/wp-content\/uploads\/2020\/09\/3octobre.png 1500w\" sizes=\"(max-width: 1024px) 100vw, 1024px\" \/><\/p>\n<p>Bonjour \u00e0 tou-te-x-s,<\/p>\n<p>ce message pour vous inviter \u00e0 notre rencontre de ce<br \/>\nsamedi 3 octobre \u00e0 19h aux Valangines, Neuch\u00e2tel.<br \/>\n<em>Vu la situation Covid-19, nous avons d\u00e9cid\u00e9 que nous ne partagerions pas la nourriture en commun, mais invitons chacun-x-e \u00e0 apporter son propre sandwich (ou autre). Nous partagerons les boissons.<\/em><\/p>\n<p>En outre, voici quelques informations\u00a0:<\/p>\n<ul>\n<li><strong>Joan Charras Sancho<\/strong>, alli\u00e9e d\u2019Arc-en-Ciel, f\u00e9ministe, pasteure en Alsace ayant anim\u00e9 pendant plusieurs ann\u00e9es l\u2019antenne inclusive de la paroisse Saint-Guillaume \u00e0 Strasbourg sera de passage chez nous\u00a0:\n<ul>\n<li>Pour un culte radiodiffus\u00e9 \u00e0 Rochefort (la paroisse de Nicole\u00a0!) le dimanche 1er\u00a0novembre \u00e0 10h autour du th\u00e8me\u00a0:\u00a0\u00ab\u00a0Quand les \u00e9crits des R\u00e9formateurs dialoguent avec les revendications f\u00e9ministes\u00a0\u00bb. (Pri\u00e8re de venir \u00e0 l\u2019avance du fait qu\u2019il y aura la radio et que nous devons prendre les noms de tout le monde avant d\u2019entrer).<\/li>\n<li>Pour une conf\u00e9rence le 2 novembre \u00e0 20h \u00e0 la Maison de paroisse de B\u00f4le, ch. de la Moraine 5, sur le th\u00e8me\u00a0:\u00a0\u00ab\u00a0Vers une Eglise inclusive : s\u2019inspirer de la g\u00e9n\u00e9reuse hospitalit\u00e9 de No\u00e9 ?\u00a0\u00bb, qui inclura la th\u00e9matique de l\u2019homosexualit\u00e9.<\/li>\n<li>Invit\u00e9e \u00e0 notre groupe du 3 novembre \u00e0 La Chaux-de-Fonds, sur le th\u00e8me de l\u2019intersexuation (c\u2019est \u00e0 dire les personnes intersexes).<\/li>\n<\/ul>\n<\/li>\n<\/ul>\n<ul>\n<li>Nous vous proposons quelques grandes lignes \u00a0pour le <strong>d\u00e9roulement de nos rencontres du 3<\/strong>, \u00e0 titre d\u2019essai\u00a0:\n<ul>\n<li>Accueil \u2013 Bref tour de pr\u00e9sentation \u2013 Nouvelles \u00e0 communiquer (19h-19h30)<\/li>\n<li>Echange autour d\u2019un th\u00e8me\u00a0: vous pouvez en proposer un aupr\u00e8s de Nicole, C\u00e9cile ou Lise pour une date de votre choix (19h30-20h45)<\/li>\n<li>Pri\u00e8re conclusive (20h45-21h)<\/li>\n<li>Moment de partage plus libre, laissant le loisir \u00e0 celles et ceux qui ne peuvent prolonger de rentrer.<\/li>\n<li><em>Pour le 3 octobre, le th\u00e8me propos\u00e9 est le suivant\u00a0: \u00ab\u00a0Comment concilier notre foi avec nos diff\u00e9rentes conceptions et pratiques de la sexualit\u00e9\u00a0\u00bb<\/em><\/li>\n<\/ul>\n<\/li>\n<li style=\"list-style-type: none;\">Voil\u00e0, nous nous r\u00e9jouissons de vous retrouver,<br \/>\nBien \u00e0 vous<br \/>\nC\u00e9cile, Lise et Nicole<\/li>\n<\/ul>\n","protected":false},"excerpt":{"rendered":"<p>Bonjour \u00e0 tou-te-x-s, ce message pour vous inviter \u00e0 notre rencontre de ce samedi 3 octobre \u00e0 19h aux Valangines, Neuch\u00e2tel. Vu la situation Covid-19, nous avons d\u00e9cid\u00e9 que nous ne partagerions pas la nourriture en commun, mais invitons chacun-x-e \u00e0 apporter son propre sandwich (ou autre). Nous partagerons les boissons. En outre, voici quelques [&hellip;]<\/p>\n","protected":false},"author":3,"featured_media":0,"comment_status":"closed","ping_status":"open","sticky":false,"template":"","format":"standard","meta":{"_et_pb_use_builder":"","_et_pb_old_content":"","_et_gb_content_width":"","footnotes":""},"categories":[17],"tags":[],"class_list":["post-657","post","type-post","status-publish","format-standard","hentry","category-evenements"],"_links":{"self":[{"href":"http:\/\/www.arcenciel-ne.ch\/home\/wp-json\/wp\/v2\/posts\/657","targetHints":{"allow":["GET"]}}],"collection":[{"href":"http:\/\/www.arcenciel-ne.ch\/home\/wp-json\/wp\/v2\/posts"}],"about":[{"href":"http:\/\/www.arcenciel-ne.ch\/home\/wp-json\/wp\/v2\/types\/post"}],"author":[{"embeddable":true,"href":"http:\/\/www.arcenciel-ne.ch\/home\/wp-json\/wp\/v2\/users\/3"}],"replies":[{"embeddable":true,"href":"http:\/\/www.arcenciel-ne.ch\/home\/wp-json\/wp\/v2\/comments?post=657"}],"version-history":[{"count":2,"href":"http:\/\/www.arcenciel-ne.ch\/home\/wp-json\/wp\/v2\/posts\/657\/revisions"}],"predecessor-version":[{"id":660,"href":"http:\/\/www.arcenciel-ne.ch\/home\/wp-json\/wp\/v2\/posts\/657\/revisions\/660"}],"wp:attachment":[{"href":"http:\/\/www.arcenciel-ne.ch\/home\/wp-json\/wp\/v2\/media?parent=657"}],"wp:term":[{"taxonomy":"category","embeddable":true,"href":"http:\/\/www.arcenciel-ne.ch\/home\/wp-json\/wp\/v2\/categories?post=657"},{"taxonomy":"post_tag","embeddable":true,"href":"http:\/\/www.arcenciel-ne.ch\/home\/wp-json\/wp\/v2\/tags?post=657"}],"curies":[{"name":"wp","href":"https:\/\/api.w.org\/{rel}","templated":true}]}}