{"id":679,"date":"2021-08-09T12:55:50","date_gmt":"2021-08-09T10:55:50","guid":{"rendered":"http:\/\/www.arcenciel-ne.ch\/home\/?p=679"},"modified":"2021-08-09T12:55:50","modified_gmt":"2021-08-09T10:55:50","slug":"videos-dinformation-sur-la-votation-mariage-pour-tou-te-s","status":"publish","type":"post","link":"http:\/\/www.arcenciel-ne.ch\/home\/videos-dinformation-sur-la-votation-mariage-pour-tou-te-s\/","title":{"rendered":"Vid\u00e9os d&rsquo;information sur la votation \u00ab\u00a0mariage pour tou.te.s\u00a0\u00bb"},"content":{"rendered":"<header class=\"entry-header\">\n<h1 class=\"entry-title\"><span style=\"color: #666666; font-size: 14px;\"><img loading=\"lazy\" decoding=\"async\" class=\"alignnone wp-image-680 size-large\" src=\"http:\/\/www.arcenciel-ne.ch\/home\/wp-content\/uploads\/2021\/08\/cropped-EERV-HEAD-1024x195.png\" alt=\"\" width=\"1024\" height=\"195\" srcset=\"http:\/\/www.arcenciel-ne.ch\/home\/wp-content\/uploads\/2021\/08\/cropped-EERV-HEAD-1024x195.png 1024w, http:\/\/www.arcenciel-ne.ch\/home\/wp-content\/uploads\/2021\/08\/cropped-EERV-HEAD-300x57.png 300w, http:\/\/www.arcenciel-ne.ch\/home\/wp-content\/uploads\/2021\/08\/cropped-EERV-HEAD-768x146.png 768w, http:\/\/www.arcenciel-ne.ch\/home\/wp-content\/uploads\/2021\/08\/cropped-EERV-HEAD-1080x206.png 1080w, http:\/\/www.arcenciel-ne.ch\/home\/wp-content\/uploads\/2021\/08\/cropped-EERV-HEAD.png 1260w\" sizes=\"(max-width: 1024px) 100vw, 1024px\" \/><\/span><\/h1>\n<h1 class=\"entry-title\"><span style=\"color: #666666; font-size: 14px;\">Depuis octobre 2020\u00a0le Groupe \u00c9glise Inclusive a\u00a0un mandat du Conseil Synodal pour diffuser une information impartiale et objective sur le Mariage pour Toutes et Tous. Voici le r\u00e9sultat de cette r\u00e9flexion commune sous forme de vid\u00e9os qui soulignent les enjeux \u00e9thiques, th\u00e9ologiques, juridiques et un t\u00e9moignage d\u2019une famille homoparentale.<\/span><\/h1>\n<h2 style=\"text-align: center;\"><a href=\"http:\/\/egliseinclusive.eerv.ch\/videos-mariage\/\">\u00e0 d\u00e9couvrir ici<\/a><\/h2>\n<\/header>\n","protected":false},"excerpt":{"rendered":"<p>Depuis octobre 2020\u00a0le Groupe \u00c9glise Inclusive a\u00a0un mandat du Conseil Synodal pour diffuser une information impartiale et objective sur le Mariage pour Toutes et Tous. Voici le r\u00e9sultat de cette r\u00e9flexion commune sous forme de vid\u00e9os qui soulignent les enjeux \u00e9thiques, th\u00e9ologiques, juridiques et un t\u00e9moignage d\u2019une famille homoparentale. \u00e0 d\u00e9couvrir ici<\/p>\n","protected":false},"author":3,"featured_media":0,"comment_status":"closed","ping_status":"open","sticky":false,"template":"","format":"standard","meta":{"_et_pb_use_builder":"","_et_pb_old_content":"","_et_gb_content_width":"","footnotes":""},"categories":[18],"tags":[],"class_list":["post-679","post","type-post","status-publish","format-standard","hentry","category-messages"],"_links":{"self":[{"href":"http:\/\/www.arcenciel-ne.ch\/home\/wp-json\/wp\/v2\/posts\/679","targetHints":{"allow":["GET"]}}],"collection":[{"href":"http:\/\/www.arcenciel-ne.ch\/home\/wp-json\/wp\/v2\/posts"}],"about":[{"href":"http:\/\/www.arcenciel-ne.ch\/home\/wp-json\/wp\/v2\/types\/post"}],"author":[{"embeddable":true,"href":"http:\/\/www.arcenciel-ne.ch\/home\/wp-json\/wp\/v2\/users\/3"}],"replies":[{"embeddable":true,"href":"http:\/\/www.arcenciel-ne.ch\/home\/wp-json\/wp\/v2\/comments?post=679"}],"version-history":[{"count":1,"href":"http:\/\/www.arcenciel-ne.ch\/home\/wp-json\/wp\/v2\/posts\/679\/revisions"}],"predecessor-version":[{"id":681,"href":"http:\/\/www.arcenciel-ne.ch\/home\/wp-json\/wp\/v2\/posts\/679\/revisions\/681"}],"wp:attachment":[{"href":"http:\/\/www.arcenciel-ne.ch\/home\/wp-json\/wp\/v2\/media?parent=679"}],"wp:term":[{"taxonomy":"category","embeddable":true,"href":"http:\/\/www.arcenciel-ne.ch\/home\/wp-json\/wp\/v2\/categories?post=679"},{"taxonomy":"post_tag","embeddable":true,"href":"http:\/\/www.arcenciel-ne.ch\/home\/wp-json\/wp\/v2\/tags?post=679"}],"curies":[{"name":"wp","href":"https:\/\/api.w.org\/{rel}","templated":true}]}}