{"id":668,"date":"2020-11-03T15:02:08","date_gmt":"2020-11-03T14:02:08","guid":{"rendered":"http:\/\/www.arcenciel-ne.ch\/home\/?p=668"},"modified":"2020-11-03T15:02:08","modified_gmt":"2020-11-03T14:02:08","slug":"reflexion-partage-7-argumentaires-contre-lhomophobie","status":"publish","type":"post","link":"https:\/\/www.arcenciel-ne.ch\/home\/reflexion-partage-7-argumentaires-contre-lhomophobie\/","title":{"rendered":"R\u00e9flexion &#038; Partage. 7 argumentaires contre l&rsquo;homophobie"},"content":{"rendered":"<p><img loading=\"lazy\" decoding=\"async\" class=\"alignnone wp-image-669 size-large\" src=\"http:\/\/www.arcenciel-ne.ch\/home\/wp-content\/uploads\/2020\/11\/R\u00e9flexion-Partage-1024x341.png\" alt=\"\" width=\"1024\" height=\"341\" srcset=\"https:\/\/www.arcenciel-ne.ch\/home\/wp-content\/uploads\/2020\/11\/R\u00e9flexion-Partage-1024x341.png 1024w, https:\/\/www.arcenciel-ne.ch\/home\/wp-content\/uploads\/2020\/11\/R\u00e9flexion-Partage-300x100.png 300w, https:\/\/www.arcenciel-ne.ch\/home\/wp-content\/uploads\/2020\/11\/R\u00e9flexion-Partage-768x256.png 768w, https:\/\/www.arcenciel-ne.ch\/home\/wp-content\/uploads\/2020\/11\/R\u00e9flexion-Partage-1080x360.png 1080w, https:\/\/www.arcenciel-ne.ch\/home\/wp-content\/uploads\/2020\/11\/R\u00e9flexion-Partage.png 1500w\" sizes=\"(max-width: 1024px) 100vw, 1024px\" \/>R\u00e9flexion et Partage a r\u00e9alis\u00e9 7 argumentaires pour donner des rep\u00e8res et r\u00e9pondre \u00e0 celles et ceux qui voient dans l\u2019homosexualit\u00e9\u00a0: maladie, abomination, p\u00e9ch\u00e9, refus de l\u2019alt\u00e9rit\u00e9, manque de f\u00e9condit\u00e9, contre-nature, et m\u00eame le diable\u2026<\/p>\n<p><strong>Profitez de ce temps pour aller les consulter sous format vid\u00e9o\u00a0:\u00a0<a href=\"https:\/\/www.youtube.com\/playlist?list=PLD3nDpeeXP9d3sO2BADYU-iBHpvfzu5TI\">voir les vid\u00e9os<\/a><\/strong><\/p>\n<p>Sachez que ces argumentaires existent \u00e9galement sous forme de petites fiches. Pour plus de renseignement.\u00a0<a href=\"http:\/\/www.reflexion-partage.org\/des-fiches-simples-pour-combattre-lhomophobie\/\">voir les fiches<\/a><\/p>\n","protected":false},"excerpt":{"rendered":"<p>R\u00e9flexion et Partage a r\u00e9alis\u00e9 7 argumentaires pour donner des rep\u00e8res et r\u00e9pondre \u00e0 celles et ceux qui voient dans l\u2019homosexualit\u00e9\u00a0: maladie, abomination, p\u00e9ch\u00e9, refus de l\u2019alt\u00e9rit\u00e9, manque de f\u00e9condit\u00e9, contre-nature, et m\u00eame le diable\u2026 Profitez de ce temps pour aller les consulter sous format vid\u00e9o\u00a0:\u00a0voir les vid\u00e9os Sachez que ces argumentaires existent \u00e9galement sous [&hellip;]<\/p>\n","protected":false},"author":3,"featured_media":0,"comment_status":"closed","ping_status":"open","sticky":false,"template":"","format":"standard","meta":{"_et_pb_use_builder":"","_et_pb_old_content":"","_et_gb_content_width":"","footnotes":""},"categories":[18],"tags":[],"class_list":["post-668","post","type-post","status-publish","format-standard","hentry","category-messages"],"_links":{"self":[{"href":"https:\/\/www.arcenciel-ne.ch\/home\/wp-json\/wp\/v2\/posts\/668","targetHints":{"allow":["GET"]}}],"collection":[{"href":"https:\/\/www.arcenciel-ne.ch\/home\/wp-json\/wp\/v2\/posts"}],"about":[{"href":"https:\/\/www.arcenciel-ne.ch\/home\/wp-json\/wp\/v2\/types\/post"}],"author":[{"embeddable":true,"href":"https:\/\/www.arcenciel-ne.ch\/home\/wp-json\/wp\/v2\/users\/3"}],"replies":[{"embeddable":true,"href":"https:\/\/www.arcenciel-ne.ch\/home\/wp-json\/wp\/v2\/comments?post=668"}],"version-history":[{"count":1,"href":"https:\/\/www.arcenciel-ne.ch\/home\/wp-json\/wp\/v2\/posts\/668\/revisions"}],"predecessor-version":[{"id":670,"href":"https:\/\/www.arcenciel-ne.ch\/home\/wp-json\/wp\/v2\/posts\/668\/revisions\/670"}],"wp:attachment":[{"href":"https:\/\/www.arcenciel-ne.ch\/home\/wp-json\/wp\/v2\/media?parent=668"}],"wp:term":[{"taxonomy":"category","embeddable":true,"href":"https:\/\/www.arcenciel-ne.ch\/home\/wp-json\/wp\/v2\/categories?post=668"},{"taxonomy":"post_tag","embeddable":true,"href":"https:\/\/www.arcenciel-ne.ch\/home\/wp-json\/wp\/v2\/tags?post=668"}],"curies":[{"name":"wp","href":"https:\/\/api.w.org\/{rel}","templated":true}]}}