{"id":731,"date":"2022-05-19T10:54:29","date_gmt":"2022-05-19T08:54:29","guid":{"rendered":"http:\/\/www.arcenciel-ne.ch\/home\/?p=731"},"modified":"2022-08-15T20:58:50","modified_gmt":"2022-08-15T18:58:50","slug":"celebration-oecumenique-inclusive","status":"publish","type":"post","link":"https:\/\/www.arcenciel-ne.ch\/home\/celebration-oecumenique-inclusive\/","title":{"rendered":"C\u00e9l\u00e9bration oecum\u00e9nique inclusive"},"content":{"rendered":"<p><img loading=\"lazy\" decoding=\"async\" class=\" wp-image-752 aligncenter\" src=\"http:\/\/www.arcenciel-ne.ch\/home\/wp-content\/uploads\/2022\/05\/3sept-arc-en-ciel-212x300.jpg\" alt=\"\" width=\"612\" height=\"866\" srcset=\"https:\/\/www.arcenciel-ne.ch\/home\/wp-content\/uploads\/2022\/05\/3sept-arc-en-ciel-212x300.jpg 212w, https:\/\/www.arcenciel-ne.ch\/home\/wp-content\/uploads\/2022\/05\/3sept-arc-en-ciel-768x1087.jpg 768w, https:\/\/www.arcenciel-ne.ch\/home\/wp-content\/uploads\/2022\/05\/3sept-arc-en-ciel-724x1024.jpg 724w, https:\/\/www.arcenciel-ne.ch\/home\/wp-content\/uploads\/2022\/05\/3sept-arc-en-ciel.jpg 826w\" sizes=\"(max-width: 612px) 100vw, 612px\" \/><\/p>\n<p>Ch\u00e8res amies, chers amis,<\/p>\n<p>Arc-en-Ciel a le plaisir de vous inviter \u00e0 une<\/p>\n<p><strong>C\u00e9l\u00e9bration \u0153cum\u00e9nique inclusive<\/strong><\/p>\n<p><strong>Le samedi 3 septembre 2022\u00a0<\/strong><strong>\u00e0 17h<\/strong><\/p>\n<p><strong>Chapelle de l&rsquo;Ermitage, Ch. du Pertuis-du-Sault 5, 2000 Neuch\u00e2tel (\u00e0 5 min. \u00e0 pied de la gare)<\/strong><\/p>\n<p><em>Suivie d\u2019un ap\u00e9ritif convivial<\/em><\/p>\n","protected":false},"excerpt":{"rendered":"<p>Ch\u00e8res amies, chers amis, Arc-en-Ciel a le plaisir de vous inviter \u00e0 une C\u00e9l\u00e9bration \u0153cum\u00e9nique inclusive Le samedi 3 septembre 2022\u00a0\u00e0 17h Chapelle de l&rsquo;Ermitage, Ch. du Pertuis-du-Sault 5, 2000 Neuch\u00e2tel (\u00e0 5 min. \u00e0 pied de la gare) Suivie d\u2019un ap\u00e9ritif convivial<\/p>\n","protected":false},"author":3,"featured_media":0,"comment_status":"closed","ping_status":"open","sticky":false,"template":"","format":"standard","meta":{"_et_pb_use_builder":"","_et_pb_old_content":"","_et_gb_content_width":"","footnotes":""},"categories":[17],"tags":[],"class_list":["post-731","post","type-post","status-publish","format-standard","hentry","category-evenements"],"_links":{"self":[{"href":"https:\/\/www.arcenciel-ne.ch\/home\/wp-json\/wp\/v2\/posts\/731","targetHints":{"allow":["GET"]}}],"collection":[{"href":"https:\/\/www.arcenciel-ne.ch\/home\/wp-json\/wp\/v2\/posts"}],"about":[{"href":"https:\/\/www.arcenciel-ne.ch\/home\/wp-json\/wp\/v2\/types\/post"}],"author":[{"embeddable":true,"href":"https:\/\/www.arcenciel-ne.ch\/home\/wp-json\/wp\/v2\/users\/3"}],"replies":[{"embeddable":true,"href":"https:\/\/www.arcenciel-ne.ch\/home\/wp-json\/wp\/v2\/comments?post=731"}],"version-history":[{"count":10,"href":"https:\/\/www.arcenciel-ne.ch\/home\/wp-json\/wp\/v2\/posts\/731\/revisions"}],"predecessor-version":[{"id":754,"href":"https:\/\/www.arcenciel-ne.ch\/home\/wp-json\/wp\/v2\/posts\/731\/revisions\/754"}],"wp:attachment":[{"href":"https:\/\/www.arcenciel-ne.ch\/home\/wp-json\/wp\/v2\/media?parent=731"}],"wp:term":[{"taxonomy":"category","embeddable":true,"href":"https:\/\/www.arcenciel-ne.ch\/home\/wp-json\/wp\/v2\/categories?post=731"},{"taxonomy":"post_tag","embeddable":true,"href":"https:\/\/www.arcenciel-ne.ch\/home\/wp-json\/wp\/v2\/tags?post=731"}],"curies":[{"name":"wp","href":"https:\/\/api.w.org\/{rel}","templated":true}]}}